{"id":1033,"date":"2020-10-06T00:52:19","date_gmt":"2020-10-05T22:52:19","guid":{"rendered":"https:\/\/parafiadobieszewo.pl\/?p=1033"},"modified":"2020-10-06T00:52:19","modified_gmt":"2020-10-05T22:52:19","slug":"odpust-matki-bozej-rozancowej","status":"publish","type":"post","link":"https:\/\/parafiadobieszewo.pl\/index.php\/2020\/10\/06\/odpust-matki-bozej-rozancowej\/","title":{"rendered":"Odpust Matki Bo\u017cej R\u00f3\u017ca\u0144cowej"},"content":{"rendered":"\n<p class=\"has-text-color\" style=\"font-size:23px;color:#0b4f76\">Zapraszamy na sum\u0119 odpustow\u0105 7 pa\u017adziernika o godz.: 18:30.<\/p>\n\n\n\n<p class=\"has-black-color has-text-color has-normal-font-size\"><strong>Matka Bo\u017ca R\u00f3\u017ca\u0144cowa<\/strong>\u00a0\u2013 tytu\u0142 u\u017cywany w okre\u015bleniu do\u00a0Matki Bo\u017cej. W odmienno\u015bci od innych tytu\u0142\u00f3w i wezwa\u0144 maryjnych, ten tytu\u0142 nie jest zwi\u0105zany z okre\u015blonym wizerunkiem, figur\u0105, sanktuarium, ko\u015bcio\u0142em a z modlitw\u0105 i\u00a0 nabo\u017ce\u0144stwem r\u00f3\u017ca\u0144cowym.<\/p>\n\n\n\n<p>Na \u015bwiecie znajduj\u0105 si\u0119 liczne sanktuaria Matki Bo\u017cej R\u00f3\u017ca\u0144cowej. W du\u017cej cz\u0119\u015bci s\u0105 to miejsca zwi\u0105zane z zakonem dominika\u0144skim, w kt\u00f3rym modlitwa r\u00f3\u017ca\u0144cowa ma szczeg\u00f3lne znaczenie, za\u0142o\u017cyciel dominikan\u00f3w \u2013\u015bw Dominik \u2013 otrzyma\u0142 r\u00f3\u017caniec od Matki Bo\u017cej w objawieniu jakiego do\u015bwiadczy\u0142.<\/p>\n\n\n\n<p>Jednym z przes\u0142a\u0144 przekazanych przez Matk\u0119 Bo\u017c\u0105 w czasie licznych objawie\u0144 by\u0142a pro\u015bba o nieustann\u0105 modlitw\u0119 r\u00f3\u017ca\u0144cow\u0105.<\/p>\n\n\n\n<p><strong>\u201eOdmawiajcie codziennie r\u00f3\u017caniec\u201d<\/strong><\/p>\n\n\n\n<p>\u201eOdmawiajcie codziennie r\u00f3\u017caniec\u201d. Te s\u0142owa powiedzia\u0142a Naj\u015bwi\u0119tsza Panna do trojga dzieci z Fatimy. Gdy Maryja objawi\u0142a si\u0119 im po raz pierwszy, z Jej prawego ramienia zwisa\u0142 sznur per\u0142owych paciork\u00f3w zako\u0144czony krzy\u017cykiem. W ka\u017cdym z sze\u015bciu objawie\u0144 Matka Bo\u017ca wspomina\u0142a o r\u00f3\u017ca\u0144cu. Podczas sz\u00f3stego i ostatniego objawienia ujawni\u0142a swe imi\u0119.\u00a0<strong>Oznajmi\u0142a: Jestem Matk\u0105 Bo\u017c\u0105 R\u00f3\u017ca\u0144cow\u0105.<\/strong><\/p>\n","protected":false},"excerpt":{"rendered":"<p>Zapraszamy na sum\u0119 odpustow\u0105 7 pa\u017adziernika o godz.: 18:30. Matka Bo\u017ca R\u00f3\u017ca\u0144cowa\u00a0\u2013 tytu\u0142 u\u017cywany w okre\u015bleniu do\u00a0Matki Bo\u017cej. W odmienno\u015bci od innych tytu\u0142\u00f3w i wezwa\u0144 maryjnych, ten tytu\u0142 nie jest zwi\u0105zany z okre\u015blonym wizerunkiem, figur\u0105, sanktuarium, ko\u015bcio\u0142em a z modlitw\u0105 i\u00a0 nabo\u017ce\u0144stwem r\u00f3\u017ca\u0144cowym. Na \u015bwiecie znajduj\u0105 si\u0119 liczne sanktuaria Matki Bo\u017cej R\u00f3\u017ca\u0144cowej. W du\u017cej cz\u0119\u015bci &hellip; <\/p>\n<p class=\"link-more\"><a href=\"https:\/\/parafiadobieszewo.pl\/index.php\/2020\/10\/06\/odpust-matki-bozej-rozancowej\/\" class=\"more-link\">Czytaj dalej<span class=\"screen-reader-text\"> \u201eOdpust Matki Bo\u017cej R\u00f3\u017ca\u0144cowej\u201d<\/span><\/a><\/p>\n","protected":false},"author":3,"featured_media":0,"comment_status":"closed","ping_status":"open","sticky":false,"template":"","format":"standard","meta":{"footnotes":""},"categories":[4],"tags":[],"class_list":["post-1033","post","type-post","status-publish","format-standard","hentry","category-aktualnosci"],"_links":{"self":[{"href":"https:\/\/parafiadobieszewo.pl\/index.php\/wp-json\/wp\/v2\/posts\/1033","targetHints":{"allow":["GET"]}}],"collection":[{"href":"https:\/\/parafiadobieszewo.pl\/index.php\/wp-json\/wp\/v2\/posts"}],"about":[{"href":"https:\/\/parafiadobieszewo.pl\/index.php\/wp-json\/wp\/v2\/types\/post"}],"author":[{"embeddable":true,"href":"https:\/\/parafiadobieszewo.pl\/index.php\/wp-json\/wp\/v2\/users\/3"}],"replies":[{"embeddable":true,"href":"https:\/\/parafiadobieszewo.pl\/index.php\/wp-json\/wp\/v2\/comments?post=1033"}],"version-history":[{"count":1,"href":"https:\/\/parafiadobieszewo.pl\/index.php\/wp-json\/wp\/v2\/posts\/1033\/revisions"}],"predecessor-version":[{"id":1035,"href":"https:\/\/parafiadobieszewo.pl\/index.php\/wp-json\/wp\/v2\/posts\/1033\/revisions\/1035"}],"wp:attachment":[{"href":"https:\/\/parafiadobieszewo.pl\/index.php\/wp-json\/wp\/v2\/media?parent=1033"}],"wp:term":[{"taxonomy":"category","embeddable":true,"href":"https:\/\/parafiadobieszewo.pl\/index.php\/wp-json\/wp\/v2\/categories?post=1033"},{"taxonomy":"post_tag","embeddable":true,"href":"https:\/\/parafiadobieszewo.pl\/index.php\/wp-json\/wp\/v2\/tags?post=1033"}],"curies":[{"name":"wp","href":"https:\/\/api.w.org\/{rel}","templated":true}]}}