{"id":1331,"date":"2021-04-04T00:13:22","date_gmt":"2021-04-03T22:13:22","guid":{"rendered":"https:\/\/parafiadobieszewo.pl\/?p=1331"},"modified":"2021-04-04T00:15:36","modified_gmt":"2021-04-03T22:15:36","slug":"niedziela-zmartwychwstania-panskiego-ogloszenia-04-04-2021-r","status":"publish","type":"post","link":"https:\/\/parafiadobieszewo.pl\/index.php\/2021\/04\/04\/niedziela-zmartwychwstania-panskiego-ogloszenia-04-04-2021-r\/","title":{"rendered":"NIEDZIELA ZMARTWYCHWSTANIA PA\u0143SKIEGO &#8211; OG\u0141OSZENIA 04.04.2021 r."},"content":{"rendered":"\n<ol class=\"wp-block-list\"><li><strong>\u201eDlaczego szukacie \u017cyj\u0105cego w\u015br\u00f3d umar\u0142ych? Nie ma Go tutaj; ZMARTWYCHWSTA\u0141\u201d<\/strong><br>Drodzy parafianie, sympatycy naszej wsp\u00f3lnoty i go\u015bcie.<br>Z ca\u0142ego serca \u017cycz\u0119 Wam b\u0142ogos\u0142awionych \u015bwi\u0105t Zmartwychwstania Pa\u0144skiego. Odwagi, pokoju serca, silnej wiary od Tego, kt\u00f3ry powiedzia\u0142 \u2013 \u201eJa Jestem drog\u0105, prawd\u0105 i \u017cyciem\u201d. Niech rado\u015b\u0107 wielkanocnego poranka przeniknie \u015bcie\u017cki codziennego \u017cycia. Niech Zmartwychwsta\u0142y Pan umacnia w dobru i podnosi ka\u017cdego dnia z now\u0105 si\u0142\u0105. Niech pusty gr\u00f3b Zbawiciela dodaje otuchy i pozbawi l\u0119ku przed niepewno\u015bci\u0105 jutra. Niech nasza ukochana mama Maryja ukryje Was i Wasze rodziny w swoim Niepokalanym Sercu i prowadzi do Serca Jezusa.<\/li><li>TYM WSZYSTKIM, kt\u00f3rzy przyczynili si\u0119 do u\u015bwietnienia tegorocznych \u015awi\u0105t Wielkanocnych, Triduum Paschalnego i Procesji Rezurekcyjnej; tym, kt\u00f3rzy przygotowali Gr\u00f3b Pa\u0144ski i Ciemnic\u0119, zadbali o nasz ko\u015bci\u00f3\u0142, o jego \u015bwi\u0105teczny wystr\u00f3j ca\u0142ym sercem B\u00f3g zap\u0142a\u0107.<\/li><li><strong>W Poniedzia\u0142ek Wielkanocny Msze \u015bwi\u0119te odprawimy w porz\u0105dku niedzielnym z dodatkowymi Mszami \u015bwi\u0119tymi: 9:00, 12:00, 14:00 i 10:30 &#8211; filia Warblewo.<\/strong><\/li><li>W \u015brod\u0119 7 kwietnia przed Msz\u0105 \u015bw. o godz. 17:30 \u2013 Rycerstwo Niepokalanej.<\/li><li><strong>W tym tygodniu biuro parafialne jest czynne w czwartek od 19:00 \u2013 19:45.<\/strong><\/li><li>W naszej parafii od poniedzia\u0142ku do czwartku po Mszy \u015bw. wieczornej b\u0119dzie p\u00f3\u0142 godziny adoracji Naj\u015bwi\u0119tszego Sakramentu. Ze wzgl\u0119du na czas \u015bwi\u0105t adoracja w tym tygodniu b\u0119dzie od \u015brody do pi\u0105tku:<br><strong>Adorujemy wioskami:<\/strong><br><strong>w \u015brod\u0119, 7 kwietnia \u2013 Podole Ma\u0142e, Troszki, \u0141abiszewo, Dobra, Dobrzec, Kolonia Dobra.<br>w czwartek, 8 kwietnia \u2013 \u017barkowo, Starnice, Dobieszewo, Le\u015bnia, Jamrzyno, Dobieszewko.<br>w pi\u0105tek, 9 kwietnia \u2013 Borz\u0119cino, Borz\u0119cinko i Brzeziniec, Boguszyce, i sympatycy naszej parafii.<\/strong><\/li><li>We wtorek wielkanocny 6 kwietnia, po Mszy \u015bw. o godz. 18:00 w ko\u015bciele odb\u0119dzie si\u0119 spotkanie z pani\u0105 krawcow\u0105 \u2013 dotycz\u0105ce szycia alb dla dzieci pierwszokomunijnych.<\/li><li>Dzi\u0119kuj\u0119 za posprz\u0105tanie ko\u015bcio\u0142a pa\u0144stwu: Opar, Frejtak, Ko\u0142nierzak. Prosz\u0119 o posprz\u0105tanie ko\u015bcio\u0142a pani\u0105 Halin\u0119 Beck i pani\u0105 Mariann\u0119 S\u0142awi\u0144sk\u0105 w sobot\u0119 na godz. 11:00.<\/li><li>Zmar\u0142 \u015bp. Karol Openchowski. Pogrzeb odb\u0119dzie si\u0119 we wtorek 6 kwietnia w naszej parafii o godz. 14:30. O 14:00 wystawienie a nast\u0119pnie poch\u00f3wek na cmentarzu w D\u0119bnicy Kaszubskiej.<\/li><li>Nasza parafia zaanga\u017cowa\u0142a si\u0119 w pomoc dla ma\u0142ej Laury Paczu\u0142y. Zebrali\u015bmy na ten cel 2020 z\u0142. W imieniu organizator\u00f3w pomocy ma\u0142ej Laurze chc\u0119 podzi\u0119kowa\u0107 parafianom, kt\u00f3rzy ofiarowali sw\u00f3j dar serca.<\/li><\/ol>\n","protected":false},"excerpt":{"rendered":"<p>\u201eDlaczego szukacie \u017cyj\u0105cego w\u015br\u00f3d umar\u0142ych? Nie ma Go tutaj; ZMARTWYCHWSTA\u0141\u201dDrodzy parafianie, sympatycy naszej wsp\u00f3lnoty i go\u015bcie.Z ca\u0142ego serca \u017cycz\u0119 Wam b\u0142ogos\u0142awionych \u015bwi\u0105t Zmartwychwstania Pa\u0144skiego. Odwagi, pokoju serca, silnej wiary od Tego, kt\u00f3ry powiedzia\u0142 \u2013 \u201eJa Jestem drog\u0105, prawd\u0105 i \u017cyciem\u201d. Niech rado\u015b\u0107 wielkanocnego poranka przeniknie \u015bcie\u017cki codziennego \u017cycia. Niech Zmartwychwsta\u0142y Pan umacnia w dobru i &hellip; <\/p>\n<p class=\"link-more\"><a href=\"https:\/\/parafiadobieszewo.pl\/index.php\/2021\/04\/04\/niedziela-zmartwychwstania-panskiego-ogloszenia-04-04-2021-r\/\" class=\"more-link\">Czytaj dalej<span class=\"screen-reader-text\"> \u201eNIEDZIELA ZMARTWYCHWSTANIA PA\u0143SKIEGO &#8211; OG\u0141OSZENIA 04.04.2021 r.\u201d<\/span><\/a><\/p>\n","protected":false},"author":3,"featured_media":0,"comment_status":"closed","ping_status":"open","sticky":false,"template":"","format":"standard","meta":{"footnotes":""},"categories":[7],"tags":[],"class_list":["post-1331","post","type-post","status-publish","format-standard","hentry","category-ogloszenia"],"_links":{"self":[{"href":"https:\/\/parafiadobieszewo.pl\/index.php\/wp-json\/wp\/v2\/posts\/1331","targetHints":{"allow":["GET"]}}],"collection":[{"href":"https:\/\/parafiadobieszewo.pl\/index.php\/wp-json\/wp\/v2\/posts"}],"about":[{"href":"https:\/\/parafiadobieszewo.pl\/index.php\/wp-json\/wp\/v2\/types\/post"}],"author":[{"embeddable":true,"href":"https:\/\/parafiadobieszewo.pl\/index.php\/wp-json\/wp\/v2\/users\/3"}],"replies":[{"embeddable":true,"href":"https:\/\/parafiadobieszewo.pl\/index.php\/wp-json\/wp\/v2\/comments?post=1331"}],"version-history":[{"count":1,"href":"https:\/\/parafiadobieszewo.pl\/index.php\/wp-json\/wp\/v2\/posts\/1331\/revisions"}],"predecessor-version":[{"id":1332,"href":"https:\/\/parafiadobieszewo.pl\/index.php\/wp-json\/wp\/v2\/posts\/1331\/revisions\/1332"}],"wp:attachment":[{"href":"https:\/\/parafiadobieszewo.pl\/index.php\/wp-json\/wp\/v2\/media?parent=1331"}],"wp:term":[{"taxonomy":"category","embeddable":true,"href":"https:\/\/parafiadobieszewo.pl\/index.php\/wp-json\/wp\/v2\/categories?post=1331"},{"taxonomy":"post_tag","embeddable":true,"href":"https:\/\/parafiadobieszewo.pl\/index.php\/wp-json\/wp\/v2\/tags?post=1331"}],"curies":[{"name":"wp","href":"https:\/\/api.w.org\/{rel}","templated":true}]}}