{"id":1343,"date":"2021-04-10T17:43:10","date_gmt":"2021-04-10T15:43:10","guid":{"rendered":"https:\/\/parafiadobieszewo.pl\/?p=1343"},"modified":"2021-04-10T17:43:10","modified_gmt":"2021-04-10T15:43:10","slug":"niedziela-milosierdzia-bozego-ogloszenia-11-04-2021-r","status":"publish","type":"post","link":"https:\/\/parafiadobieszewo.pl\/index.php\/2021\/04\/10\/niedziela-milosierdzia-bozego-ogloszenia-11-04-2021-r\/","title":{"rendered":"NIEDZIELA MI\u0141OSIERDZIA BO\u017bEGO &#8211; OG\u0141OSZENIA 11.04.2021 r."},"content":{"rendered":"\n<ol class=\"wp-block-list\"><li>W naszej parafii od poniedzia\u0142ku do czwartku po Mszy \u015bw. wieczornej, b\u0119dzie p\u00f3\u0142 godziny adoracji Naj\u015bwi\u0119tszego Sakramentu.<br>Adorujemy wioskami:<br><strong>Poniedzia\u0142ek &#8211; 12 kwietnia <\/strong>\u2013 Dobieszewo, Le\u015bnia, Jamrzyno, Dobieszewko<br><strong>Wtorek &#8211; 13 kwietnia<\/strong> \u2013 Borz\u0119cino, Borz\u0119cinko, Brzeziniec i sympatycy naszej parafii.<br><strong>\u015aroda &#8211; 14 kwietnia<\/strong> \u2013 Starnice, Dobra, Dobrzec, Kolonia Dobra, \u017barkowo<br><strong>Czwartek &#8211; 15 kwietnia<\/strong> &#8211; Podole Ma\u0142e, Troszki, \u0141abiszewo, Boguszyce<\/li><li><strong>W tygodniu Msze \u015bwi\u0119te b\u0119d\u0105 odprawiane od poniedzia\u0142ku do czwartku i w sobot\u0119 o godz.: 18:00. W niedziel\u0119 o godz.: 9:00, 12:00 i 15:00 w Dobieszewie, o 10:30 w Warblewie. W pi\u0105tek (16 kwietnia) nie b\u0119dzie Mszy \u015bw.<\/strong><\/li><li>W \u015brod\u0119 14 kwietnia przed Msz\u0105 \u015bw. o godz. 17:30 \u2013 Rycerstwo Niepokalanej.<\/li><li>W tym tygodniu biuro parafialne jest czynne w czwartek od 20:00 \u2013 20:45.<\/li><li>Godzina \u015awi\u0119ta w czwartek od 23:00 do 00:00 \u2013 serdecznie zapraszamy.<\/li><li>Spotkanie z dzie\u0107mi komunijnymi zosta\u0142o przeniesione z 4 kwietnia na 18 kwietnia po Mszy \u015bw. o godz. 12:00.<\/li><li>Dzi\u0119kuj\u0119 za posprz\u0105tanie ko\u015bcio\u0142a pani Halinie Beck i pani Mariannie S\u0142awi\u0144skiej. Prosz\u0119 o posprz\u0105tanie ko\u015bcio\u0142a pani\u0105 Ann\u0119 Owczarek i pani\u0105 Kazimier\u0119 Owczarek w sobot\u0119 na godz. 11:00.<\/li><li>Zmar\u0142 \u015bp. Jerzy Majewski l. 66 z Borz\u0119cinka. Polecajmy naszego zmar\u0142ego brata Mi\u0142osierdziu Pana Jezusa: Dobry Jezu\u2026<\/li><\/ol>\n","protected":false},"excerpt":{"rendered":"<p>W naszej parafii od poniedzia\u0142ku do czwartku po Mszy \u015bw. wieczornej, b\u0119dzie p\u00f3\u0142 godziny adoracji Naj\u015bwi\u0119tszego Sakramentu.Adorujemy wioskami:Poniedzia\u0142ek &#8211; 12 kwietnia \u2013 Dobieszewo, Le\u015bnia, Jamrzyno, DobieszewkoWtorek &#8211; 13 kwietnia \u2013 Borz\u0119cino, Borz\u0119cinko, Brzeziniec i sympatycy naszej parafii.\u015aroda &#8211; 14 kwietnia \u2013 Starnice, Dobra, Dobrzec, Kolonia Dobra, \u017barkowoCzwartek &#8211; 15 kwietnia &#8211; Podole Ma\u0142e, Troszki, \u0141abiszewo, &hellip; <\/p>\n<p class=\"link-more\"><a href=\"https:\/\/parafiadobieszewo.pl\/index.php\/2021\/04\/10\/niedziela-milosierdzia-bozego-ogloszenia-11-04-2021-r\/\" class=\"more-link\">Czytaj dalej<span class=\"screen-reader-text\"> \u201eNIEDZIELA MI\u0141OSIERDZIA BO\u017bEGO &#8211; OG\u0141OSZENIA 11.04.2021 r.\u201d<\/span><\/a><\/p>\n","protected":false},"author":3,"featured_media":0,"comment_status":"closed","ping_status":"open","sticky":false,"template":"","format":"standard","meta":{"footnotes":""},"categories":[7],"tags":[],"class_list":["post-1343","post","type-post","status-publish","format-standard","hentry","category-ogloszenia"],"_links":{"self":[{"href":"https:\/\/parafiadobieszewo.pl\/index.php\/wp-json\/wp\/v2\/posts\/1343","targetHints":{"allow":["GET"]}}],"collection":[{"href":"https:\/\/parafiadobieszewo.pl\/index.php\/wp-json\/wp\/v2\/posts"}],"about":[{"href":"https:\/\/parafiadobieszewo.pl\/index.php\/wp-json\/wp\/v2\/types\/post"}],"author":[{"embeddable":true,"href":"https:\/\/parafiadobieszewo.pl\/index.php\/wp-json\/wp\/v2\/users\/3"}],"replies":[{"embeddable":true,"href":"https:\/\/parafiadobieszewo.pl\/index.php\/wp-json\/wp\/v2\/comments?post=1343"}],"version-history":[{"count":1,"href":"https:\/\/parafiadobieszewo.pl\/index.php\/wp-json\/wp\/v2\/posts\/1343\/revisions"}],"predecessor-version":[{"id":1344,"href":"https:\/\/parafiadobieszewo.pl\/index.php\/wp-json\/wp\/v2\/posts\/1343\/revisions\/1344"}],"wp:attachment":[{"href":"https:\/\/parafiadobieszewo.pl\/index.php\/wp-json\/wp\/v2\/media?parent=1343"}],"wp:term":[{"taxonomy":"category","embeddable":true,"href":"https:\/\/parafiadobieszewo.pl\/index.php\/wp-json\/wp\/v2\/categories?post=1343"},{"taxonomy":"post_tag","embeddable":true,"href":"https:\/\/parafiadobieszewo.pl\/index.php\/wp-json\/wp\/v2\/tags?post=1343"}],"curies":[{"name":"wp","href":"https:\/\/api.w.org\/{rel}","templated":true}]}}