{"id":1364,"date":"2021-04-24T22:47:05","date_gmt":"2021-04-24T20:47:05","guid":{"rendered":"https:\/\/parafiadobieszewo.pl\/?p=1364"},"modified":"2021-04-24T22:52:00","modified_gmt":"2021-04-24T20:52:00","slug":"adopcja-dziecka-poczetego","status":"publish","type":"post","link":"https:\/\/parafiadobieszewo.pl\/index.php\/2021\/04\/24\/adopcja-dziecka-poczetego\/","title":{"rendered":"Adopcja dziecka pocz\u0119tego"},"content":{"rendered":"\n<p>W dniu 25 marca 2021 roku, czyli w uroczysto\u015b\u0107 Zwiastowania Pa\u0144skiego w naszej parafii 6 os\u00f3b z\u0142o\u017cy\u0142o przyrzeczenie i rozpocz\u0119\u0142o duchown\u0105 adopcj\u0119 dziecka pocz\u0119tego.<br>Jednym z propagator\u00f3w duchowej adopcji dziecka pocz\u0119tego jest ks. Tomasz Kancelarczyk. Pomys\u0142odawca i prezes Fundacji Ma\u0142ych St\u00f3pek oraz wsp\u00f3\u0142organizator szczeci\u0144skiego Marszu dla \u017bycia.<br>W tym roku z powodu panuj\u0105cej pandemii nie m\u00f3g\u0142 odby\u0107 si\u0119 Marsz dla \u017bycia. Fundacja Ma\u0142ych St\u00f3pek zorganizowa\u0142a akcj\u0119 \u201eUs\u0142ysz\u201d. Na Jasnych B\u0142oniach w Szczecinie ustawiono pi\u0119kny dzwon nazwany \u201eG\u0142osem Nienarodzonych\u201d . W dniu 18 kwietnia br. Mi\u0119dzy godzin\u0105 12:00, a 21:00 dzwon ca\u0142y czas wydawa\u0142 g\u0142os.<\/p>\n","protected":false},"excerpt":{"rendered":"<p>W dniu 25 marca 2021 roku, czyli w uroczysto\u015b\u0107 Zwiastowania Pa\u0144skiego w naszej parafii 6 os\u00f3b z\u0142o\u017cy\u0142o przyrzeczenie i rozpocz\u0119\u0142o duchown\u0105 adopcj\u0119 dziecka pocz\u0119tego.Jednym z propagator\u00f3w duchowej adopcji dziecka pocz\u0119tego jest ks. Tomasz Kancelarczyk. Pomys\u0142odawca i prezes Fundacji Ma\u0142ych St\u00f3pek oraz wsp\u00f3\u0142organizator szczeci\u0144skiego Marszu dla \u017bycia.W tym roku z powodu panuj\u0105cej pandemii nie m\u00f3g\u0142 odby\u0107 &hellip; <\/p>\n<p class=\"link-more\"><a href=\"https:\/\/parafiadobieszewo.pl\/index.php\/2021\/04\/24\/adopcja-dziecka-poczetego\/\" class=\"more-link\">Czytaj dalej<span class=\"screen-reader-text\"> \u201eAdopcja dziecka pocz\u0119tego\u201d<\/span><\/a><\/p>\n","protected":false},"author":3,"featured_media":0,"comment_status":"closed","ping_status":"open","sticky":false,"template":"","format":"standard","meta":{"footnotes":""},"categories":[4],"tags":[],"class_list":["post-1364","post","type-post","status-publish","format-standard","hentry","category-aktualnosci"],"_links":{"self":[{"href":"https:\/\/parafiadobieszewo.pl\/index.php\/wp-json\/wp\/v2\/posts\/1364","targetHints":{"allow":["GET"]}}],"collection":[{"href":"https:\/\/parafiadobieszewo.pl\/index.php\/wp-json\/wp\/v2\/posts"}],"about":[{"href":"https:\/\/parafiadobieszewo.pl\/index.php\/wp-json\/wp\/v2\/types\/post"}],"author":[{"embeddable":true,"href":"https:\/\/parafiadobieszewo.pl\/index.php\/wp-json\/wp\/v2\/users\/3"}],"replies":[{"embeddable":true,"href":"https:\/\/parafiadobieszewo.pl\/index.php\/wp-json\/wp\/v2\/comments?post=1364"}],"version-history":[{"count":3,"href":"https:\/\/parafiadobieszewo.pl\/index.php\/wp-json\/wp\/v2\/posts\/1364\/revisions"}],"predecessor-version":[{"id":1367,"href":"https:\/\/parafiadobieszewo.pl\/index.php\/wp-json\/wp\/v2\/posts\/1364\/revisions\/1367"}],"wp:attachment":[{"href":"https:\/\/parafiadobieszewo.pl\/index.php\/wp-json\/wp\/v2\/media?parent=1364"}],"wp:term":[{"taxonomy":"category","embeddable":true,"href":"https:\/\/parafiadobieszewo.pl\/index.php\/wp-json\/wp\/v2\/categories?post=1364"},{"taxonomy":"post_tag","embeddable":true,"href":"https:\/\/parafiadobieszewo.pl\/index.php\/wp-json\/wp\/v2\/tags?post=1364"}],"curies":[{"name":"wp","href":"https:\/\/api.w.org\/{rel}","templated":true}]}}