{"id":1517,"date":"2021-07-31T16:51:02","date_gmt":"2021-07-31T14:51:02","guid":{"rendered":"https:\/\/parafiadobieszewo.pl\/?p=1517"},"modified":"2021-07-31T16:51:02","modified_gmt":"2021-07-31T14:51:02","slug":"ogloszenia-duszpasterskie-xviii-niedziela-zwykla-1-sierpnia-2021-r","status":"publish","type":"post","link":"https:\/\/parafiadobieszewo.pl\/index.php\/2021\/07\/31\/ogloszenia-duszpasterskie-xviii-niedziela-zwykla-1-sierpnia-2021-r\/","title":{"rendered":"OG\u0141OSZENIA DUSZPASTERSKIE &#8211; XVIII NIEDZIELA ZWYK\u0141A, 1 sierpnia 2021 r."},"content":{"rendered":"\n<ol class=\"wp-block-list\"><li>Dzi\u015b \u2013 osiemnasta niedziela zwyk\u0142a w ci\u0105gu roku, a zarazem pierwsza niedziela sierpnia &#8211; miesi\u0105ca trze\u017awo\u015bci. W tym miesi\u0105cu \u0142\u0105czymy si\u0119 z Papie\u017cem Franciszkiem w modlitwie za dzie\u0142o odnowy Ko\u015bcio\u0142a, modl\u0105c si\u0119 za Ko\u015bci\u00f3\u0142, aby otrzyma\u0142 od Ducha \u015awi\u0119tego \u0142ask\u0119 i si\u0142\u0119 do reformowania si\u0119 w \u015bwietle Ewangelii.<\/li><li>Dzisiejsza niedziela jest r\u00f3wnie\u017c dniem modlitw za Polak\u00f3w poleg\u0142ych w Powstaniu<br>Warszawskim w rocznic\u0119 jego wybuchu (1944).<\/li><li>Dzi\u015b po po\u0142udniu lub jutro (2 sierpnia) przez ca\u0142y dzie\u0144 mo\u017cna uzyska\u0107 odpust zupe\u0142ny Porcjunkuli za pobo\u017cne nawiedzenie ko\u015bcio\u0142a oraz za modlitw\u0119 Ojcze nasz\u2026 i Wierz\u0119 w Boga\u2026<\/li><li><strong>W tym tygodniu od poniedzia\u0142ku do pi\u0105tku Msze \u015bw. o godz.: 20:00. <\/strong>Adoracja Naj\u015bwi\u0119tszego Sakramentu p\u00f3\u0142 godziny przed Eucharysti\u0105. Adorujemy wioskami:<\/li><\/ol>\n\n\n\n<p><strong>Poniedzia\u0142ek <\/strong>\u2013 2 sierpnia \u2013 Dobieszewo, Le\u015bnia, Jamrzyno, Dobieszewko.<br><strong>Wtorek <\/strong>\u2013 3 sierpnia \u2013 Borz\u0119cino, Borz\u0119cinko i Brzeziniec, i sympatycy naszej parafii.<br><strong>\u015aroda<\/strong> \u2013 4 sierpnia \u2013 Starnice, Boguszyce.<br><strong>Czwartek <\/strong>\u2013 5 sierpnia &#8211; Podole Ma\u0142e, Troszki, \u0141abiszewo.<br><strong>Pi\u0105tek <\/strong>\u2013 6 sierpnia &#8211; Dobra, Dobrzec, Kolonia Dobra.<\/p>\n\n\n\n<ol class=\"wp-block-list\" start=\"5\"><li><strong>W \u015brod\u0119 4 sierpnia od godziny 19:00 \u2013 19:30 spowied\u017a \u015bwi\u0119ta. O godz.: 19:30 &#8211; Rycerstwo Niepokalanej.<\/strong><\/li><li>W tym tygodniu przypadaj\u0105 dni eucharystyczne:<\/li><\/ol>\n\n\n\n<ul class=\"wp-block-list\"><li><strong>I czwartek <\/strong>&#8211; modlimy si\u0119 o nowe powo\u0142ania kap\u0142a\u0144skie, misyjne i zakonne. Adoracja Naj\u015bwi\u0119tszego Sakramentu i mo\u017cliwo\u015b\u0107 spowiedzi od godz. 21.00 do 22:00.<\/li><li><strong>I pi\u0105tek miesi\u0105ca przypada \u015bwi\u0119to &#8211; Przemienienie Pa\u0144skie <\/strong>\u2013 spowied\u017a \u015bw. w Warblewie o godz.: 16:45, nast\u0119pnie Msza \u015bw. pierwszopi\u0105tkowa o godz.: 17:00; w Dobieszewie spowied\u017a \u015bw. od godz.: 18:30 do 19:30, o godz.: 19:45 akt oddania si\u0119 Naj\u015bwi\u0119tszemu Sercu Pana Jezusa, a o godz.: 20:00 &#8211; Msza \u015bw.<\/li><li><strong>I sobota miesi\u0105ca <\/strong>\u2013 o godz.: 18:00 rozpoczniemy Nabo\u017ce\u0144stwo pierwszych pi\u0119ciu sob\u00f3t miesi\u0105ca, kt\u00f3re zako\u0144czy si\u0119 Eucharysti\u0105 wynagradzaj\u0105c\u0105 Niepokalanemu Sercu Maryi<\/li><\/ul>\n\n\n\n<p>Chorych z pos\u0142ug\u0105 sakramentaln\u0105 odwiedz\u0119 w pierwszy pi\u0105tek 6 sierpnia od godz.: 11:00.<\/p>\n\n\n\n<ol class=\"wp-block-list\" start=\"7\"><li>W czwartek dodatkowa Msza \u015bw. o godz.: 22:00, a nast\u0119pnie <strong>\u201eGodzina \u015awi\u0119ta\u201d<\/strong> od 23:00 do 00:00 \u2013 serdecznie zapraszamy.<\/li><li><strong>Biuro parafialne w tym tygodniu jest otwarte w czwartek od 18:00 do 18:30.<\/strong><\/li><li>W sobot\u0119 i niedziel\u0119 Msze \u015bw. bez zmian. Dodatkowa Msza \u015bw. w niedziel\u0119 o godz. 15:00<\/li><li>Dzi\u0119kuj\u0119 za posprz\u0105tanie ko\u015bcio\u0142a paniom: El\u017cbiecie Osowskiej i Leokadii Dalekiej. Prosz\u0119 o posprz\u0105tanie ko\u015bcio\u0142a panie: Teres\u0119 Hryckowian i Teres\u0119 Szczegielniak w sobot\u0119 na godz. 11:00.<\/li><li>W naszej \u015bwi\u0105tyni dost\u0119pne s\u0105 sakramentalia czyli olej, s\u00f3l i woda egzorcyzmowana \u2013 zach\u0119cam do korzystania. W przedsionku jest gablota z dewocjonaliami w kt\u00f3rej m.in.<br>mamy now\u0105 seri\u0119 kubk\u00f3w parafialnych. Doch\u00f3d ze sprzeda\u017cy przeznaczony jest na bie\u017c\u0105ce utrzymanie ko\u015bcio\u0142a (np.: odnowienie obrazu, zakup wazon\u00f3w, itp\u2026).<br>B\u00f3g zap\u0142a\u0107 wszystkim, kt\u00f3rzy wspieraj\u0105 nasz ko\u015bci\u00f3\u0142.<\/li><li>Po ka\u017cdej Mszy \u015bwi\u0119tej mo\u017cna naby\u0107 drobne upominki, a tym samym wesprze\u0107 Fundacj\u0119 Ma\u0142ych St\u00f3pek: \u201eZagraj w Jasia\u201d, \u201cKornelka i jej ma\u0142y przyjaciel\u201d.<br><strong>W \u015brod\u0119 25 sierpnia od godz. 19:00 do 20:00 odb\u0119dzie si\u0119 adoracja Naj\u015bwi\u0119tszego Sakramentu w intencji obrony \u017cycia pocz\u0119tego. <\/strong>Zapraszam wszystkich, kt\u00f3rzy zaanga\u017cowali si\u0119 w dzie\u0142o duchowej adopcji oraz tych kt\u00f3rzy my\u015bl\u0105 o tym \u017ceby si\u0119 zaanga\u017cowa\u0107 w dzie\u0142o obrony \u017cycia.<\/li><\/ol>\n\n\n\n<p>13.Zapowiedzi przed\u015blubne:<br>Bartosz Jankowski \u2013 stanu wolnego \u2013 Dagmara Kaczorowska &#8211; stanu wolnego<br>Patryk Gardzielewski \u2013 stanu wolnego \u2013 Marta Owczarek \u2013 stanu wolnego<\/p>\n","protected":false},"excerpt":{"rendered":"<p>Dzi\u015b \u2013 osiemnasta niedziela zwyk\u0142a w ci\u0105gu roku, a zarazem pierwsza niedziela sierpnia &#8211; miesi\u0105ca trze\u017awo\u015bci. W tym miesi\u0105cu \u0142\u0105czymy si\u0119 z Papie\u017cem Franciszkiem w modlitwie za dzie\u0142o odnowy Ko\u015bcio\u0142a, modl\u0105c si\u0119 za Ko\u015bci\u00f3\u0142, aby otrzyma\u0142 od Ducha \u015awi\u0119tego \u0142ask\u0119 i si\u0142\u0119 do reformowania si\u0119 w \u015bwietle Ewangelii. Dzisiejsza niedziela jest r\u00f3wnie\u017c dniem modlitw za &hellip; <\/p>\n<p class=\"link-more\"><a href=\"https:\/\/parafiadobieszewo.pl\/index.php\/2021\/07\/31\/ogloszenia-duszpasterskie-xviii-niedziela-zwykla-1-sierpnia-2021-r\/\" class=\"more-link\">Czytaj dalej<span class=\"screen-reader-text\"> \u201eOG\u0141OSZENIA DUSZPASTERSKIE &#8211; XVIII NIEDZIELA ZWYK\u0141A, 1 sierpnia 2021 r.\u201d<\/span><\/a><\/p>\n","protected":false},"author":3,"featured_media":0,"comment_status":"closed","ping_status":"open","sticky":false,"template":"","format":"standard","meta":{"footnotes":""},"categories":[7],"tags":[],"class_list":["post-1517","post","type-post","status-publish","format-standard","hentry","category-ogloszenia"],"_links":{"self":[{"href":"https:\/\/parafiadobieszewo.pl\/index.php\/wp-json\/wp\/v2\/posts\/1517","targetHints":{"allow":["GET"]}}],"collection":[{"href":"https:\/\/parafiadobieszewo.pl\/index.php\/wp-json\/wp\/v2\/posts"}],"about":[{"href":"https:\/\/parafiadobieszewo.pl\/index.php\/wp-json\/wp\/v2\/types\/post"}],"author":[{"embeddable":true,"href":"https:\/\/parafiadobieszewo.pl\/index.php\/wp-json\/wp\/v2\/users\/3"}],"replies":[{"embeddable":true,"href":"https:\/\/parafiadobieszewo.pl\/index.php\/wp-json\/wp\/v2\/comments?post=1517"}],"version-history":[{"count":1,"href":"https:\/\/parafiadobieszewo.pl\/index.php\/wp-json\/wp\/v2\/posts\/1517\/revisions"}],"predecessor-version":[{"id":1518,"href":"https:\/\/parafiadobieszewo.pl\/index.php\/wp-json\/wp\/v2\/posts\/1517\/revisions\/1518"}],"wp:attachment":[{"href":"https:\/\/parafiadobieszewo.pl\/index.php\/wp-json\/wp\/v2\/media?parent=1517"}],"wp:term":[{"taxonomy":"category","embeddable":true,"href":"https:\/\/parafiadobieszewo.pl\/index.php\/wp-json\/wp\/v2\/categories?post=1517"},{"taxonomy":"post_tag","embeddable":true,"href":"https:\/\/parafiadobieszewo.pl\/index.php\/wp-json\/wp\/v2\/tags?post=1517"}],"curies":[{"name":"wp","href":"https:\/\/api.w.org\/{rel}","templated":true}]}}