{"id":1716,"date":"2021-12-04T22:50:14","date_gmt":"2021-12-04T21:50:14","guid":{"rendered":"https:\/\/parafiadobieszewo.pl\/?p=1716"},"modified":"2021-12-04T22:50:14","modified_gmt":"2021-12-04T21:50:14","slug":"na-stol-wigilijny","status":"publish","type":"post","link":"https:\/\/parafiadobieszewo.pl\/index.php\/2021\/12\/04\/na-stol-wigilijny\/","title":{"rendered":"Na st\u00f3\u0142 wigilijny"},"content":{"rendered":"\n<p>Od  2 Niedzieli Adwentu \u2013 po ka\u017cdej Mszy \u015bw. przy bocznym o\u0142tarzu b\u0119dziemy rozprowadza\u0107 op\u0142atki, sianko oraz nasze parafialne \u015bwiece na st\u00f3\u0142 wigilijny. Koszt \u015bwiecy \u2013 25 z\u0142.<\/p>\n\n\n\n<div class=\"wp-block-image\"><figure class=\"aligncenter size-large is-resized\"><img loading=\"lazy\" decoding=\"async\" src=\"https:\/\/parafiadobieszewo.pl\/wp-content\/uploads\/2021\/12\/1638652393332-768x1024.jpg\" alt=\"\" class=\"wp-image-1717\" width=\"375\" height=\"499\" srcset=\"https:\/\/parafiadobieszewo.pl\/wp-content\/uploads\/2021\/12\/1638652393332-768x1024.jpg 768w, https:\/\/parafiadobieszewo.pl\/wp-content\/uploads\/2021\/12\/1638652393332-225x300.jpg 225w, https:\/\/parafiadobieszewo.pl\/wp-content\/uploads\/2021\/12\/1638652393332-1152x1536.jpg 1152w, https:\/\/parafiadobieszewo.pl\/wp-content\/uploads\/2021\/12\/1638652393332-1536x2048.jpg 1536w, https:\/\/parafiadobieszewo.pl\/wp-content\/uploads\/2021\/12\/1638652393332-scaled.jpg 1920w\" sizes=\"auto, (max-width: 375px) 100vw, 375px\" \/><\/figure><\/div>\n","protected":false},"excerpt":{"rendered":"<p>Od 2 Niedzieli Adwentu \u2013 po ka\u017cdej Mszy \u015bw. przy bocznym o\u0142tarzu b\u0119dziemy rozprowadza\u0107 op\u0142atki, sianko oraz nasze parafialne \u015bwiece na st\u00f3\u0142 wigilijny. Koszt \u015bwiecy \u2013 25 z\u0142.<\/p>\n","protected":false},"author":3,"featured_media":0,"comment_status":"closed","ping_status":"open","sticky":false,"template":"","format":"standard","meta":{"footnotes":""},"categories":[4],"tags":[],"class_list":["post-1716","post","type-post","status-publish","format-standard","hentry","category-aktualnosci"],"_links":{"self":[{"href":"https:\/\/parafiadobieszewo.pl\/index.php\/wp-json\/wp\/v2\/posts\/1716","targetHints":{"allow":["GET"]}}],"collection":[{"href":"https:\/\/parafiadobieszewo.pl\/index.php\/wp-json\/wp\/v2\/posts"}],"about":[{"href":"https:\/\/parafiadobieszewo.pl\/index.php\/wp-json\/wp\/v2\/types\/post"}],"author":[{"embeddable":true,"href":"https:\/\/parafiadobieszewo.pl\/index.php\/wp-json\/wp\/v2\/users\/3"}],"replies":[{"embeddable":true,"href":"https:\/\/parafiadobieszewo.pl\/index.php\/wp-json\/wp\/v2\/comments?post=1716"}],"version-history":[{"count":1,"href":"https:\/\/parafiadobieszewo.pl\/index.php\/wp-json\/wp\/v2\/posts\/1716\/revisions"}],"predecessor-version":[{"id":1718,"href":"https:\/\/parafiadobieszewo.pl\/index.php\/wp-json\/wp\/v2\/posts\/1716\/revisions\/1718"}],"wp:attachment":[{"href":"https:\/\/parafiadobieszewo.pl\/index.php\/wp-json\/wp\/v2\/media?parent=1716"}],"wp:term":[{"taxonomy":"category","embeddable":true,"href":"https:\/\/parafiadobieszewo.pl\/index.php\/wp-json\/wp\/v2\/categories?post=1716"},{"taxonomy":"post_tag","embeddable":true,"href":"https:\/\/parafiadobieszewo.pl\/index.php\/wp-json\/wp\/v2\/tags?post=1716"}],"curies":[{"name":"wp","href":"https:\/\/api.w.org\/{rel}","templated":true}]}}