{"id":1722,"date":"2021-12-12T06:55:39","date_gmt":"2021-12-12T05:55:39","guid":{"rendered":"https:\/\/parafiadobieszewo.pl\/?p=1722"},"modified":"2021-12-12T06:55:39","modified_gmt":"2021-12-12T05:55:39","slug":"ogloszenia-duszpasterskie-iii-niedziela-adwentu-12-grudzien-2021-r","status":"publish","type":"post","link":"https:\/\/parafiadobieszewo.pl\/index.php\/2021\/12\/12\/ogloszenia-duszpasterskie-iii-niedziela-adwentu-12-grudzien-2021-r\/","title":{"rendered":"OG\u0141OSZENIA DUSZPASTERSKIE &#8211; III NIEDZIELA ADWENTU 12 grudzie\u0144 2021 r."},"content":{"rendered":"\n<ol class=\"wp-block-list\"><li>Dzisiaj Ko\u015bci\u00f3\u0142 powszechny obchodzi liturgiczne wspomnienie Naj\u015bwi\u0119tszej Maryi Panny z Guadalupe &#8211; w naszej parafii po Mszy \u015bw. o godz.: 18:00 zapraszamy na nabo\u017ce\u0144stwo R\u00f3\u017ca\u0144ca \u015awi\u0119tego i P\u0142aszcza Naj\u015bwi\u0119tszej Dziewicy.<\/li><li>We wtorek 14 grudnia Msza \u015bw. b\u0119dzie o godz.: 17:00, w niedziel\u0119 wieczorna Msza \u015bw. zostanie odprawiona o godz.: 19:00, w pozosta\u0142e dni bez zmian.<\/li><li>Wielkimi krokami zbli\u017caj\u0105 si\u0119 kolejne \u015bwi\u0119ta Bo\u017cego Narodzenia. W miejscowo\u015bci Unichowo na skutek po\u017caru dwie rodziny straci\u0142y dach nad g\u0142ow\u0105 dlatego postanowi\u0142em, \u017ce nasza parafia w\u0142\u0105czy si\u0119 do pomocy poszkodowanym. W nast\u0119pn\u0105 niedziel\u0119 19 grudnia odb\u0119dzie si\u0119 zbi\u00f3rka do puszek po ka\u017cdej Mszy \u015bw. na ten cel.<\/li><li>Do 19 grudnia b\u0119d\u0119 przyjmowa\u0142 zaproszenia na kol\u0119d\u0119:<br>-na kartce piszemy imi\u0119 i nazwisko przedstawiciela rodziny,<br>-dok\u0142adny adres zamieszkania,<br>-karteczki wrzucamy do koszyka podczas kolekty<\/li><li>Biuro parafialne w tym tygodniu b\u0119dzie czynne w poniedzia\u0142ek 13 grudnia od godz. 19:45 do 20:30.<\/li><li>W \u015brod\u0119 15 grudnia po Mszy \u015bw. \u2013 Rycerstwo Niepokalanej.<\/li><li>Spowied\u017a adwentowa przed \u015bwi\u0119tami Bo\u017cego Narodzenia w naszej parafii w czwartek 16 grudnia:<br>\/WARBLEWO\/ 18:30 \u2013 19:00<br>\/DOBIESZEWO\/ &#8211; 19:00 \u2013 19:45<\/li><li>W czwartek Msza \u015bw. o godz.: 22:00, a nast\u0119pnie \u201eGodzina \u015awi\u0119ta\u201d od 23:00 do 00:00 \u2013 serdecznie zapraszamy<\/li><li>W pi\u0105tek 17 grudnia po Mszy \u015bw. o godz.: 18:00 Wiecz\u00f3r Uwielbienia \u2013 serdecznie zapraszamy<\/li><li>Pr\u00f3ba scholii w sobot\u0119 18 grudnia o godz. 12:00.<\/li><li>W naszej \u015bwi\u0105tyni s\u0105 do nabycia pi\u0119kne stroiki m.in. na st\u00f3\u0142 wigilijny ze \u015bwiec\u0105 Caritas oraz r\u00f3\u017ca\u0144ce, kt\u00f3re mog\u0105 by\u0107 ofiarowane na prezent bliskiej osobie &#8211; doch\u00f3d ze sprzeda\u017cy przeznaczony zostanie na relikwiarz. Dzi\u0119kuj\u0119 wszystkim za ka\u017cdy dar serca jaki ju\u017c ofiarowali\u015bcie na ten cel. Niech Pan Jezus Wam wynagrodzi.<\/li><li>Po ka\u017cdej Mszy \u015bw. przy bocznym o\u0142tarzu b\u0119dziemy rozprowadza\u0107 op\u0142atki, sianko oraz \u015bwiece Caritas na st\u00f3\u0142 wigilijny oraz r\u00f3\u017ca\u0144ce.<\/li><li>Dzi\u0119kuj\u0119 za posprz\u0105tanie ko\u015bcio\u0142a pa\u0144stwu: D\u0142ugoszewskiej Joannie, Krajewskiej Marii, Ko\u0142pi\u0144skiej Marzenie. Prosz\u0119 o posprz\u0105tanie ko\u015bcio\u0142a pa\u0144stwa: Edyt\u0119 Urban i Romowsk\u0105 Urszul\u0119 we wtorek 21 grudnia na godz.: 10:00.<\/li><li>Z naszej wsp\u00f3lnoty parafialnej odeszli do wieczno\u015bci: \u015bp. Marzena Czysta l. 41 z Warblewka. Zmar\u0142 \u015bp. Orest Mazurczyk l. 61 z Warblewa. Pogrzeb odb\u0119dzie si\u0119 w poniedzia\u0142ek 13 grudnia o godz. 12:00 na filii w Warblewie. Polecajmy naszych zmar\u0142ych Mi\u0142osierdziu Bo\u017cemu: Dobry Jezu\u2026<\/li><\/ol>\n","protected":false},"excerpt":{"rendered":"<p>Dzisiaj Ko\u015bci\u00f3\u0142 powszechny obchodzi liturgiczne wspomnienie Naj\u015bwi\u0119tszej Maryi Panny z Guadalupe &#8211; w naszej parafii po Mszy \u015bw. o godz.: 18:00 zapraszamy na nabo\u017ce\u0144stwo R\u00f3\u017ca\u0144ca \u015awi\u0119tego i P\u0142aszcza Naj\u015bwi\u0119tszej Dziewicy. We wtorek 14 grudnia Msza \u015bw. b\u0119dzie o godz.: 17:00, w niedziel\u0119 wieczorna Msza \u015bw. zostanie odprawiona o godz.: 19:00, w pozosta\u0142e dni bez zmian. &hellip; <\/p>\n<p class=\"link-more\"><a href=\"https:\/\/parafiadobieszewo.pl\/index.php\/2021\/12\/12\/ogloszenia-duszpasterskie-iii-niedziela-adwentu-12-grudzien-2021-r\/\" class=\"more-link\">Czytaj dalej<span class=\"screen-reader-text\"> \u201eOG\u0141OSZENIA DUSZPASTERSKIE &#8211; III NIEDZIELA ADWENTU 12 grudzie\u0144 2021 r.\u201d<\/span><\/a><\/p>\n","protected":false},"author":3,"featured_media":0,"comment_status":"closed","ping_status":"open","sticky":false,"template":"","format":"standard","meta":{"footnotes":""},"categories":[7],"tags":[],"class_list":["post-1722","post","type-post","status-publish","format-standard","hentry","category-ogloszenia"],"_links":{"self":[{"href":"https:\/\/parafiadobieszewo.pl\/index.php\/wp-json\/wp\/v2\/posts\/1722","targetHints":{"allow":["GET"]}}],"collection":[{"href":"https:\/\/parafiadobieszewo.pl\/index.php\/wp-json\/wp\/v2\/posts"}],"about":[{"href":"https:\/\/parafiadobieszewo.pl\/index.php\/wp-json\/wp\/v2\/types\/post"}],"author":[{"embeddable":true,"href":"https:\/\/parafiadobieszewo.pl\/index.php\/wp-json\/wp\/v2\/users\/3"}],"replies":[{"embeddable":true,"href":"https:\/\/parafiadobieszewo.pl\/index.php\/wp-json\/wp\/v2\/comments?post=1722"}],"version-history":[{"count":1,"href":"https:\/\/parafiadobieszewo.pl\/index.php\/wp-json\/wp\/v2\/posts\/1722\/revisions"}],"predecessor-version":[{"id":1723,"href":"https:\/\/parafiadobieszewo.pl\/index.php\/wp-json\/wp\/v2\/posts\/1722\/revisions\/1723"}],"wp:attachment":[{"href":"https:\/\/parafiadobieszewo.pl\/index.php\/wp-json\/wp\/v2\/media?parent=1722"}],"wp:term":[{"taxonomy":"category","embeddable":true,"href":"https:\/\/parafiadobieszewo.pl\/index.php\/wp-json\/wp\/v2\/categories?post=1722"},{"taxonomy":"post_tag","embeddable":true,"href":"https:\/\/parafiadobieszewo.pl\/index.php\/wp-json\/wp\/v2\/tags?post=1722"}],"curies":[{"name":"wp","href":"https:\/\/api.w.org\/{rel}","templated":true}]}}