{"id":1930,"date":"2022-04-17T01:27:54","date_gmt":"2022-04-16T23:27:54","guid":{"rendered":"https:\/\/parafiadobieszewo.pl\/?p=1930"},"modified":"2022-04-17T01:27:54","modified_gmt":"2022-04-16T23:27:54","slug":"niedziela-zmartwychwstania-panskiego-ogloszenia-17-04-2022-r","status":"publish","type":"post","link":"https:\/\/parafiadobieszewo.pl\/index.php\/2022\/04\/17\/niedziela-zmartwychwstania-panskiego-ogloszenia-17-04-2022-r\/","title":{"rendered":"NIEDZIELA ZMARTWYCHWSTANIA PA\u0143SKIEGO &#8211; OG\u0141OSZENIA 17.04.2022 r"},"content":{"rendered":"\n<p><strong>\u201e Nie ma Go tu! Zmartwychwsta\u0142!\u201d (\u0141k.)<br>\u201e Po\u015blij swego Anio\u0142a, by odsun\u0105\u0142 grobowy kamie\u0144,<br>kt\u00f3rym szczelnie zamkni\u0119to Twoje Mistyczne Cia\u0142o.<br>Sta\u0144 obok nas n\u0119dznych pielgrzym\u00f3w, b\u0105d\u017a z nami;<br>wyja\u015bniaj nam Pisma \u015bwiat\u0142em, kt\u00f3rego strze\u017cesz w Ko\u015bciele;<br>daj si\u0119 pozna\u0107, pozw\u00f3l sobie s\u0142u\u017cy\u0107, pozw\u00f3l si\u0119 kocha\u0107 i spraw,<br>by nasze \u017cycie by\u0142o ci\u0105g\u0142ym b\u0142ogos\u0142awie\u0144stwem<br>w Imi\u0119 Naj\u015bwi\u0119tszego Boga w Tr\u00f3jcy Jedynego. Amen.\u201d (o. Dolindo)<br>Drodzy parafianie z okazji \u015awi\u0105t Zmartwychwstania Pa\u0144skiego<br>\u017cycz\u0119 Wam, aby ta modlitwa spe\u0142nia\u0142a si\u0119 ka\u017cdego dnia w Waszym \u017cyciu.<br>Ks. Proboszcz.<\/strong><\/p>\n\n\n\n<ol class=\"wp-block-list\"><li>W tym tygodniu Msze \u015bw. b\u0119d\u0105 odprawiane w nast\u0119puj\u0105cym porz\u0105dku:<br>w Poniedzia\u0142ek Wielkanocny o godz.: 10:30 w Warblewie i o godz.: 12:00<br>w Dobieszewie, od wtorku do pi\u0105tku o godz.: 18:00, w sobot\u0119 o 17:00 (liturgia niedzielna), w niedziel\u0119 o godz.: 9:00 i 12:00 w Dobieszewie i 10:30 w Warblewie.<\/li><li>Biuro parafialne czynne we wtorek 19 kwietnia od 19:00 \u2013 19:30.<\/li><li>W \u015brod\u0119 20 kwietnia o godz.: 17:20 \u2013 Rycerstwo Niepokalanej.<\/li><li>W czwartek 21 kwietnia od 23:00 do 24:00 \u2013 Godzina \u015awi\u0119ta<\/li><li>W pi\u0105tek 22 kwietnia po Mszy \u015bw. wieczornej \u2013 wiecz\u00f3r uwielbienia \u2013 serdecznie zapraszam<\/li><li>W sobot\u0119 23 kwietnia po Mszy \u015bw. o godz. 17:00 \u2013 spotkanie dzieci pierwszokomunijnych.<\/li><li>W niedziel\u0119 24 kwietnia \u015bwi\u0119to Mi\u0142osierdzia Bo\u017cego \u2013 zapraszam wszystkich ch\u0119tnych na godz.: 15:00 \u2013 odm\u00f3wimy wsp\u00f3lnie koronk\u0119 do Bo\u017cego Mi\u0142osierdzia<\/li><li>W pi\u0105tek 29 kwietnia po Mszy \u015bw. o godz.: 18:00 spotkanie modlitewne \u2013 \u015aladami Jezusa<\/li><li>B\u00f3g zap\u0142a\u0107 mieszka\u0144com Podola Ma\u0142ego, kt\u00f3rzy przygotowali dekoracje \u015bwi\u0105teczne w naszym ko\u015bciele.<\/li><li>Prosz\u0119 o posprz\u0105tanie ko\u015bcio\u0142a rodziny pani: Eweliny \u0141opatko, El\u017cbiety Olczak i Natalii Olczak w sobot\u0119 23 kwietnia na godz.: 11:00.<\/li><\/ol>\n","protected":false},"excerpt":{"rendered":"<p>\u201e Nie ma Go tu! Zmartwychwsta\u0142!\u201d (\u0141k.)\u201e Po\u015blij swego Anio\u0142a, by odsun\u0105\u0142 grobowy kamie\u0144,kt\u00f3rym szczelnie zamkni\u0119to Twoje Mistyczne Cia\u0142o.Sta\u0144 obok nas n\u0119dznych pielgrzym\u00f3w, b\u0105d\u017a z nami;wyja\u015bniaj nam Pisma \u015bwiat\u0142em, kt\u00f3rego strze\u017cesz w Ko\u015bciele;daj si\u0119 pozna\u0107, pozw\u00f3l sobie s\u0142u\u017cy\u0107, pozw\u00f3l si\u0119 kocha\u0107 i spraw,by nasze \u017cycie by\u0142o ci\u0105g\u0142ym b\u0142ogos\u0142awie\u0144stwemw Imi\u0119 Naj\u015bwi\u0119tszego Boga w Tr\u00f3jcy Jedynego. Amen.\u201d &hellip; <\/p>\n<p class=\"link-more\"><a href=\"https:\/\/parafiadobieszewo.pl\/index.php\/2022\/04\/17\/niedziela-zmartwychwstania-panskiego-ogloszenia-17-04-2022-r\/\" class=\"more-link\">Czytaj dalej<span class=\"screen-reader-text\"> \u201eNIEDZIELA ZMARTWYCHWSTANIA PA\u0143SKIEGO &#8211; OG\u0141OSZENIA 17.04.2022 r\u201d<\/span><\/a><\/p>\n","protected":false},"author":3,"featured_media":0,"comment_status":"closed","ping_status":"open","sticky":false,"template":"","format":"standard","meta":{"footnotes":""},"categories":[7],"tags":[],"class_list":["post-1930","post","type-post","status-publish","format-standard","hentry","category-ogloszenia"],"_links":{"self":[{"href":"https:\/\/parafiadobieszewo.pl\/index.php\/wp-json\/wp\/v2\/posts\/1930","targetHints":{"allow":["GET"]}}],"collection":[{"href":"https:\/\/parafiadobieszewo.pl\/index.php\/wp-json\/wp\/v2\/posts"}],"about":[{"href":"https:\/\/parafiadobieszewo.pl\/index.php\/wp-json\/wp\/v2\/types\/post"}],"author":[{"embeddable":true,"href":"https:\/\/parafiadobieszewo.pl\/index.php\/wp-json\/wp\/v2\/users\/3"}],"replies":[{"embeddable":true,"href":"https:\/\/parafiadobieszewo.pl\/index.php\/wp-json\/wp\/v2\/comments?post=1930"}],"version-history":[{"count":1,"href":"https:\/\/parafiadobieszewo.pl\/index.php\/wp-json\/wp\/v2\/posts\/1930\/revisions"}],"predecessor-version":[{"id":1931,"href":"https:\/\/parafiadobieszewo.pl\/index.php\/wp-json\/wp\/v2\/posts\/1930\/revisions\/1931"}],"wp:attachment":[{"href":"https:\/\/parafiadobieszewo.pl\/index.php\/wp-json\/wp\/v2\/media?parent=1930"}],"wp:term":[{"taxonomy":"category","embeddable":true,"href":"https:\/\/parafiadobieszewo.pl\/index.php\/wp-json\/wp\/v2\/categories?post=1930"},{"taxonomy":"post_tag","embeddable":true,"href":"https:\/\/parafiadobieszewo.pl\/index.php\/wp-json\/wp\/v2\/tags?post=1930"}],"curies":[{"name":"wp","href":"https:\/\/api.w.org\/{rel}","templated":true}]}}