{"id":2212,"date":"2022-09-17T22:17:55","date_gmt":"2022-09-17T20:17:55","guid":{"rendered":"https:\/\/parafiadobieszewo.pl\/?p=2212"},"modified":"2022-09-21T23:17:02","modified_gmt":"2022-09-21T21:17:02","slug":"ogloszenia-duszpasterskie-xxv-niedziela-zwykla-18-wrzesnia-2022-roku","status":"publish","type":"post","link":"https:\/\/parafiadobieszewo.pl\/index.php\/2022\/09\/17\/ogloszenia-duszpasterskie-xxv-niedziela-zwykla-18-wrzesnia-2022-roku\/","title":{"rendered":"OG\u0141OSZENIA DUSZPASTERSKIE &#8211; XXV NIEDZIELA ZWYK\u0141A &#8211; 18 wrze\u015bnia 2022 roku"},"content":{"rendered":"\n<ol class=\"wp-block-list\"><li>W tym tygodniu Msze \u015bw. b\u0119d\u0105 odprawiane w poniedzia\u0142ek, \u015brod\u0119 i pi\u0105tek o godz.: 18:00, w czwartek o godz.: 22:00, w wtorek i sobot\u0119 o godz.: 17:00, w niedziel\u0119 bez zmian.<\/li><li>Dzisiaj po Mszy \u015bw. o godz. 12:00 &#8211; spotkanie dzieci pierwszokomunijnych. Obecno\u015b\u0107 obowi\u0105zkowa.<\/li><li>W niedziel\u0119 25 wrze\u015bnia po Mszy \u015bw. o godz. 12:00 \u2013 spotkanie m\u0142odzie\u017cy przygotowuj\u0105cej si\u0119 do Sakramentu Bierzmowania w naszej parafii.<\/li><li>Biuro parafialne w tym tygodniu czynne w czwartek 22 wrze\u015bnia od godz.: 19:00 do 20:00.<\/li><li>W \u015brod\u0119 21 wrze\u015bnia Rycerstwo Niepokalanej o godz. 17:30. Po Mszy \u015bwi\u0119tej spotkanie organizacyjne Rycerstwa Niepokalanej. Zapraszam r\u00f3wnie\u017c osoby, kt\u00f3re chcia\u0142yby do\u0142\u0105czy\u0107 do Rycerstwa.<\/li><li>W pi\u0105tek 23 wrze\u015bnia po Mszy \u015bw. wieczornej \u2013 nabo\u017ce\u0144stwo \u2013 \u201e\u015aladami Jezusa\u201d \u2013 zapraszam.<\/li><li>W niedziel\u0119 &#8211; 25 wrze\u015bnia \u2013 Duchowa Adopcja Dziecka Pocz\u0119tego \u2013 po Mszy \u015bw. o godz. 18:00 \u2013 zapraszam.<\/li><li>Pr\u00f3ba scholii w sobot\u0119 24 wrze\u015bnia po Mszy \u015bw. o godz. 12:00.<\/li><li>Jak co roku nasza parafia przeprowadza zbi\u00f3rk\u0119 p\u0142od\u00f3w ziemi dla si\u00f3str Klarysek ze S\u0142upska. Od poniedzia\u0142ku 19 wrze\u015bnia do pi\u0105tku 23 wrze\u015bnia po wieczornej Mszy \u015bw. mo\u017cna przywozi\u0107 dary.<\/li><li>Zach\u0119cam do nabycia parafialnych kalendarzy na nowy rok. Doch\u00f3d z kalendarzy jest cegie\u0142k\u0105 na bie\u017c\u0105ce wydatki zwi\u0105zane z utrzymaniem parafii. Dzi\u0119kuj\u0119 z g\u00f3ry za zrozumienie.<\/li><li>Prosz\u0119 o posprz\u0105tanie ko\u015bcio\u0142a mieszka\u0144c\u00f3w Borz\u0119cinka. W sobot\u0119 1 pa\u017adziernika na godz. 11:00 zapraszam pierwsz\u0105 rodzin\u0119 do sprz\u0105tania.<\/li><\/ol>\n\n\n\n<figure class=\"wp-block-image size-large\"><img loading=\"lazy\" decoding=\"async\" width=\"893\" height=\"1024\" src=\"https:\/\/parafiadobieszewo.pl\/wp-content\/uploads\/2022\/09\/dozyki-1-893x1024.jpg\" alt=\"\" class=\"wp-image-2218\" srcset=\"https:\/\/parafiadobieszewo.pl\/wp-content\/uploads\/2022\/09\/dozyki-1-893x1024.jpg 893w, https:\/\/parafiadobieszewo.pl\/wp-content\/uploads\/2022\/09\/dozyki-1-262x300.jpg 262w, https:\/\/parafiadobieszewo.pl\/wp-content\/uploads\/2022\/09\/dozyki-1-768x880.jpg 768w, https:\/\/parafiadobieszewo.pl\/wp-content\/uploads\/2022\/09\/dozyki-1-1340x1536.jpg 1340w, https:\/\/parafiadobieszewo.pl\/wp-content\/uploads\/2022\/09\/dozyki-1-1786x2048.jpg 1786w\" sizes=\"auto, (max-width: 767px) 89vw, (max-width: 1000px) 54vw, (max-width: 1071px) 543px, 580px\" \/><\/figure>\n","protected":false},"excerpt":{"rendered":"<p>W tym tygodniu Msze \u015bw. b\u0119d\u0105 odprawiane w poniedzia\u0142ek, \u015brod\u0119 i pi\u0105tek o godz.: 18:00, w czwartek o godz.: 22:00, w wtorek i sobot\u0119 o godz.: 17:00, w niedziel\u0119 bez zmian. Dzisiaj po Mszy \u015bw. o godz. 12:00 &#8211; spotkanie dzieci pierwszokomunijnych. Obecno\u015b\u0107 obowi\u0105zkowa. W niedziel\u0119 25 wrze\u015bnia po Mszy \u015bw. o godz. 12:00 \u2013 &hellip; <\/p>\n<p class=\"link-more\"><a href=\"https:\/\/parafiadobieszewo.pl\/index.php\/2022\/09\/17\/ogloszenia-duszpasterskie-xxv-niedziela-zwykla-18-wrzesnia-2022-roku\/\" class=\"more-link\">Czytaj dalej<span class=\"screen-reader-text\"> \u201eOG\u0141OSZENIA DUSZPASTERSKIE &#8211; XXV NIEDZIELA ZWYK\u0141A &#8211; 18 wrze\u015bnia 2022 roku\u201d<\/span><\/a><\/p>\n","protected":false},"author":3,"featured_media":0,"comment_status":"closed","ping_status":"open","sticky":false,"template":"","format":"standard","meta":{"footnotes":""},"categories":[7],"tags":[],"class_list":["post-2212","post","type-post","status-publish","format-standard","hentry","category-ogloszenia"],"_links":{"self":[{"href":"https:\/\/parafiadobieszewo.pl\/index.php\/wp-json\/wp\/v2\/posts\/2212","targetHints":{"allow":["GET"]}}],"collection":[{"href":"https:\/\/parafiadobieszewo.pl\/index.php\/wp-json\/wp\/v2\/posts"}],"about":[{"href":"https:\/\/parafiadobieszewo.pl\/index.php\/wp-json\/wp\/v2\/types\/post"}],"author":[{"embeddable":true,"href":"https:\/\/parafiadobieszewo.pl\/index.php\/wp-json\/wp\/v2\/users\/3"}],"replies":[{"embeddable":true,"href":"https:\/\/parafiadobieszewo.pl\/index.php\/wp-json\/wp\/v2\/comments?post=2212"}],"version-history":[{"count":5,"href":"https:\/\/parafiadobieszewo.pl\/index.php\/wp-json\/wp\/v2\/posts\/2212\/revisions"}],"predecessor-version":[{"id":2222,"href":"https:\/\/parafiadobieszewo.pl\/index.php\/wp-json\/wp\/v2\/posts\/2212\/revisions\/2222"}],"wp:attachment":[{"href":"https:\/\/parafiadobieszewo.pl\/index.php\/wp-json\/wp\/v2\/media?parent=2212"}],"wp:term":[{"taxonomy":"category","embeddable":true,"href":"https:\/\/parafiadobieszewo.pl\/index.php\/wp-json\/wp\/v2\/categories?post=2212"},{"taxonomy":"post_tag","embeddable":true,"href":"https:\/\/parafiadobieszewo.pl\/index.php\/wp-json\/wp\/v2\/tags?post=2212"}],"curies":[{"name":"wp","href":"https:\/\/api.w.org\/{rel}","templated":true}]}}