{"id":2242,"date":"2022-10-01T16:17:23","date_gmt":"2022-10-01T14:17:23","guid":{"rendered":"https:\/\/parafiadobieszewo.pl\/?p=2242"},"modified":"2022-10-01T16:18:48","modified_gmt":"2022-10-01T14:18:48","slug":"ogloszenia-duszpasterskie-xxvii-niedziela-zwykla-2-pazdziernika-2022-roku","status":"publish","type":"post","link":"https:\/\/parafiadobieszewo.pl\/index.php\/2022\/10\/01\/ogloszenia-duszpasterskie-xxvii-niedziela-zwykla-2-pazdziernika-2022-roku\/","title":{"rendered":"OG\u0141OSZENIA DUSZPASTERSKIE &#8211; XXVII NIEDZIELA ZWYK\u0141A &#8211; 2 pa\u017adziernika 2022 roku"},"content":{"rendered":"\n<ol class=\"wp-block-list\"><li>W tym tygodniu Msze \u015bw. b\u0119d\u0105 odprawiane w poniedzia\u0142ek i sobot\u0119 o godz.: 9:00, we wtorek o godz.: 18:00, \u015brod\u0119 o godz.: 21:00, w czwartek o 22:00 i pi\u0105tek o godz.:19:00, w niedziel\u0119 o 9:00 i 12:00.<br>W Warblewie w pi\u0105tek o godz.:17:00 i niedziel\u0119 o 10:30.<\/li><\/ol>\n\n\n\n<ol class=\"wp-block-list\" start=\"2\"><li>W tym miesi\u0105cu odb\u0119d\u0105 si\u0119 nabo\u017ce\u0144stwa:<br>-19 pa\u017adziernika \u2013 Nabo\u017ce\u0144stwo R\u00f3\u017ca\u0144ca \u015awi\u0119tego i P\u0142aszcza Naj\u015bwi\u0119tszej Maryi Panny z Guadalupe<br>-14 pa\u017adziernika \u2013 \u015aladami Jezusa<br>-25 pa\u017adziernika \u2013 Duchowa Adopcja Dziecka Pocz\u0119tego<br>-28 pa\u017adziernika \u2013 wiecz\u00f3r uwielbienia<\/li><li>Rozpocz\u0105\u0142 si\u0119 pa\u017adziernik \u2013 miesi\u0105c r\u00f3\u017ca\u0144cowy \u2013 od poniedzia\u0142ku do pi\u0105tku przed Msz\u0105 \u015bw. wieczorn\u0105 o godz. 17:30 b\u0119dziemy odmawiali r\u00f3\u017caniec przed Naj\u015bwi\u0119tszym Sakramentem.<\/li><li>W pi\u0105tek 7 pa\u017adziernika obchodzimy odpust parafialny Matki Bo\u017cej R\u00f3\u017ca\u0144cowej. Sumie odpustowej o godz. 19:00 b\u0119dzie przewodniczy\u0142 ks. proboszcz z Czarnej D\u0105br\u00f3wki \u2013 ks. Marian Knut.<\/li><li>Biuro parafialne czynne we wtorek 4 pa\u017adziernika od godz. 19:00 \u2013 20:00.<\/li><li>W tym tygodniu przypadaj\u0105 dni eucharystyczne: <strong>I \u015broda miesi\u0105ca<\/strong> \u2013 Nabo\u017ce\u0144stwo ku czci Przeczystego Serca \u015bw. J\u00f3zefa i Rycerstwo Niepokalanej po Mszy \u015bw. wieczornej;<strong>                         I czwartek miesi\u0105ca <\/strong>\u2013 o godz. 21:30 &#8211; modlimy si\u0119 o nowe \u015bwi\u0119te powo\u0142ania kap\u0142a\u0144skie, zakonne i misyjne \u2013 22:00 \u2013 Msza \u015bw. oraz od 23:00 \u2013 24:00 \u2013 \u201eGodzina \u015awi\u0119ta\u201d &#8211; zapraszam;<strong> I pi\u0105tek miesi\u0105ca <\/strong>\u2013 spowied\u017a \u015bw. w Warblewie o godz.: 16:45 nast\u0119pnie Msza \u015bw. pierwszopi\u0105tkowa o godz.: 17:00 w Dobieszewie spowied\u017a \u015bw. od godz.: 18:00 do 18:45, o godz.:18:45 litania z aktem oddania si\u0119 Naj\u015bwi\u0119tszemu Sercu Pana Jezusa i o godz.: 19:00 &#8211; Msza \u015bw. odpustowa ku czci Naj\u015bwi\u0119tszej Maryi Panny R\u00f3\u017ca\u0144cowej.(w czasie Mszy \u015bw. odpustowej prosz\u0119 o przyj\u0119cie komunii \u015bwi\u0119tej wynagradzaj\u0105cej Naj\u015bwi\u0119tszemu Sercu Pana Jezusa przez Niepokalane Serce Maryi).<\/li><li>Chorych z pos\u0142ug\u0105 sakramentaln\u0105 odwiedz\u0119 w czwartek 6 pa\u017adziernika od godz.: 11:00.<\/li><li>Zapraszam m\u0142odzie\u017c z naszej parafii, kt\u00f3ra chce zaanga\u017cowa\u0107 si\u0119 w Wolontariat w czwartek 13 pa\u017adziernika na godz. 18:00.<\/li><li>Zach\u0119cam do nabycia parafialnych kalendarzy na nowy rok. Doch\u00f3d z kalendarzy jest cegie\u0142k\u0105 na bie\u017c\u0105ce wydatki zwi\u0105zane z utrzymaniem parafii.Dzi\u0119kuj\u0119 z g\u00f3ry za zrozumienie.<\/li><li>W imieniu si\u00f3str klarysek pragn\u0119 podzi\u0119kowa\u0107 wszystkim parafianom za ka\u017cdy dar serca \u2013 B\u00f3g zap\u0142a\u0107.<\/li><li>Dzi\u0119kuj\u0119 za posprz\u0105tanie ko\u015bcio\u0142a rodzinom pa\u0144stwa: Jagie\u0142\u0142o i \u0141agu\u0144. Prosz\u0119 o posprz\u0105tanie ko\u015bcio\u0142a rodziny pa\u0144stwa: Kolosz i Majewskich w sobot\u0119 15 pa\u017adziernika na godz.: 11:00.<\/li><li>Za tydzie\u0144 \u2013 dwudziesta \u00f3sma niedziela w ci\u0105gu roku, a zarazem XXII Dzie\u0144 Papieski, kt\u00f3ry b\u0119dziemy prze\u017cywa\u0107 pod has\u0142em: \u201cBlask Prawdy\u201d i zbi\u00f3rka do puszek na rzecz Fundacji Dzie\u0142o Nowego Tysi\u0105clecia.<\/li><\/ol>\n","protected":false},"excerpt":{"rendered":"<p>W tym tygodniu Msze \u015bw. b\u0119d\u0105 odprawiane w poniedzia\u0142ek i sobot\u0119 o godz.: 9:00, we wtorek o godz.: 18:00, \u015brod\u0119 o godz.: 21:00, w czwartek o 22:00 i pi\u0105tek o godz.:19:00, w niedziel\u0119 o 9:00 i 12:00.W Warblewie w pi\u0105tek o godz.:17:00 i niedziel\u0119 o 10:30. W tym miesi\u0105cu odb\u0119d\u0105 si\u0119 nabo\u017ce\u0144stwa:-19 pa\u017adziernika \u2013 Nabo\u017ce\u0144stwo &hellip; <\/p>\n<p class=\"link-more\"><a href=\"https:\/\/parafiadobieszewo.pl\/index.php\/2022\/10\/01\/ogloszenia-duszpasterskie-xxvii-niedziela-zwykla-2-pazdziernika-2022-roku\/\" class=\"more-link\">Czytaj dalej<span class=\"screen-reader-text\"> \u201eOG\u0141OSZENIA DUSZPASTERSKIE &#8211; XXVII NIEDZIELA ZWYK\u0141A &#8211; 2 pa\u017adziernika 2022 roku\u201d<\/span><\/a><\/p>\n","protected":false},"author":3,"featured_media":0,"comment_status":"closed","ping_status":"open","sticky":false,"template":"","format":"standard","meta":{"footnotes":""},"categories":[7],"tags":[],"class_list":["post-2242","post","type-post","status-publish","format-standard","hentry","category-ogloszenia"],"_links":{"self":[{"href":"https:\/\/parafiadobieszewo.pl\/index.php\/wp-json\/wp\/v2\/posts\/2242","targetHints":{"allow":["GET"]}}],"collection":[{"href":"https:\/\/parafiadobieszewo.pl\/index.php\/wp-json\/wp\/v2\/posts"}],"about":[{"href":"https:\/\/parafiadobieszewo.pl\/index.php\/wp-json\/wp\/v2\/types\/post"}],"author":[{"embeddable":true,"href":"https:\/\/parafiadobieszewo.pl\/index.php\/wp-json\/wp\/v2\/users\/3"}],"replies":[{"embeddable":true,"href":"https:\/\/parafiadobieszewo.pl\/index.php\/wp-json\/wp\/v2\/comments?post=2242"}],"version-history":[{"count":2,"href":"https:\/\/parafiadobieszewo.pl\/index.php\/wp-json\/wp\/v2\/posts\/2242\/revisions"}],"predecessor-version":[{"id":2244,"href":"https:\/\/parafiadobieszewo.pl\/index.php\/wp-json\/wp\/v2\/posts\/2242\/revisions\/2244"}],"wp:attachment":[{"href":"https:\/\/parafiadobieszewo.pl\/index.php\/wp-json\/wp\/v2\/media?parent=2242"}],"wp:term":[{"taxonomy":"category","embeddable":true,"href":"https:\/\/parafiadobieszewo.pl\/index.php\/wp-json\/wp\/v2\/categories?post=2242"},{"taxonomy":"post_tag","embeddable":true,"href":"https:\/\/parafiadobieszewo.pl\/index.php\/wp-json\/wp\/v2\/tags?post=2242"}],"curies":[{"name":"wp","href":"https:\/\/api.w.org\/{rel}","templated":true}]}}