{"id":2259,"date":"2022-10-15T21:01:42","date_gmt":"2022-10-15T19:01:42","guid":{"rendered":"https:\/\/parafiadobieszewo.pl\/?p=2259"},"modified":"2022-10-16T22:05:34","modified_gmt":"2022-10-16T20:05:34","slug":"ogloszenia-duszpasterskie-29-niedziela-zwykla-16-pazdziernika-2022-roku","status":"publish","type":"post","link":"https:\/\/parafiadobieszewo.pl\/index.php\/2022\/10\/15\/ogloszenia-duszpasterskie-29-niedziela-zwykla-16-pazdziernika-2022-roku\/","title":{"rendered":"OG\u0141OSZENIA DUSZPASTERSKIE &#8211; 29 NIEDZIELA ZWYK\u0141A &#8211; 16 pa\u017adziernika 2022 roku"},"content":{"rendered":"\n<ol class=\"wp-block-list\"><li>Dzisiaj po Mszy \u015bw. o godz.: 12:00 &#8211; spotkanie formacyjne kandydat\u00f3w do bierzmowania.<br>W sobot\u0119 22 pa\u017adziernika na godz.: 11:00 \u2013 zapraszam przygotowuj\u0105cych si\u0119 do bierzmowania i ca\u0142\u0105 m\u0142odzie\u017c naszej parafii do porz\u0105dkowania cmentarzy w Dobieszewie.<br>Kolejne spotkanie formacyjne kandydat\u00f3w do bierzmowania 6 listopada po Mszy \u015bw. o godz. 12:00.<\/li><li>W tym tygodniu Msze \u015bw. b\u0119d\u0105 odprawiane w poniedzia\u0142ek o godz.: 9:00, od wtorku do pi\u0105tku o godz.: 18:00, w sobot\u0119 o godz.:17:00, w niedziel\u0119 o godz.: 9:00 i 12:00 oraz w Warblewie o 10:30.<\/li><li>Zbli\u017ca si\u0119 Uroczysto\u015b\u0107 Wszystkich \u015awi\u0119tych i Dzie\u0144 Zadusznych &#8211; na stoliku pod ch\u00f3rem znajduj\u0105 si\u0119 druki do wypominek rocznych i jednorazowych \u2013 pami\u0119tajmy o naszych bliskich zmar\u0142ych.<\/li><li>Biuro parafialne czynne we wtorek 18 pa\u017adziernika od godz. 19:00 \u2013 20:00.<\/li><li>W godzinach otwarcia biura parafialnego mo\u017cna zamawia\u0107 Msze \u015bw. na nowy rok kalendarzowy.<\/li><li>W \u015brod\u0119 19 pa\u017adziernika przed Msz\u0105 \u015bw. \u2013 Rycerstwo Niepokalanej, a po Eucharystii &#8211; Nabo\u017ce\u0144stwo R\u00f3\u017ca\u0144ca \u015awi\u0119tego i P\u0142aszcza Naj\u015bwi\u0119tszej Maryi Panny z Guadalupe \u2013 zapraszam.<\/li><li>W czwartek 20 pa\u017adziernika \u2013 \u201eGodzina \u015awi\u0119ta\u201d od 23:00 do 00:00 \u2013 zapraszam.<\/li><li>W pi\u0105tek 21 pa\u017adziernika od godz.: 16:30 do17:30 \u2013 wystawienie Naj\u015bwi\u0119tszego Sakramentu. W tym czasie spowied\u017a \u015bwi\u0119ta, a nast\u0119pnie o godz.: 17:30 r\u00f3\u017caniec i Eucharystia \u2013 zapraszam.<\/li><li>W niedziel\u0119 23 pa\u017adziernika podczas Mszy \u015bw. o godz.: 12:00 zostan\u0105 po\u015bwi\u0119cone r\u00f3\u017ca\u0144ce dzieciom pierwszokomunijnym.<\/li><li>Dzi\u0119kuj\u0119 za posprz\u0105tanie ko\u015bcio\u0142a rodzinom pa\u0144stwa: Kolosz i Majewskich. Prosz\u0119 o posprz\u0105tanie ko\u015bcio\u0142a mieszka\u0144c\u00f3w Brzezi\u0144ca. Zapraszam pierwsze rodziny do sprz\u0105tania w sobot\u0119 29 pa\u017adziernika na godz.: 11:00.<\/li><li>Spotkanie Wolontariuszy z naszej parafii w czwartek 27 pa\u017adziernika na godz.: 18:00. Zapraszamy m\u0142odzie\u017c, kt\u00f3ra chcia\u0142aby si\u0119 zaanga\u017cowa\u0107 w Wolontariat.<\/li><li>Zach\u0119cam do nabywania nowego numeru Pielgrzyma i kalendarzy na nowy rok.<\/li><li>Z naszej wsp\u00f3lnoty parafialnej odesz\u0142a do wieczno\u015bci \u015bp. Halina Pawicka l.93 ze Starnic. Polecajmy nasz\u0105 zmar\u0142\u0105 siostr\u0119 Mi\u0142osiernemu Panu: Dobry Jezu\u2026<\/li><\/ol>\n","protected":false},"excerpt":{"rendered":"<p>Dzisiaj po Mszy \u015bw. o godz.: 12:00 &#8211; spotkanie formacyjne kandydat\u00f3w do bierzmowania.W sobot\u0119 22 pa\u017adziernika na godz.: 11:00 \u2013 zapraszam przygotowuj\u0105cych si\u0119 do bierzmowania i ca\u0142\u0105 m\u0142odzie\u017c naszej parafii do porz\u0105dkowania cmentarzy w Dobieszewie.Kolejne spotkanie formacyjne kandydat\u00f3w do bierzmowania 6 listopada po Mszy \u015bw. o godz. 12:00. W tym tygodniu Msze \u015bw. b\u0119d\u0105 odprawiane &hellip; <\/p>\n<p class=\"link-more\"><a href=\"https:\/\/parafiadobieszewo.pl\/index.php\/2022\/10\/15\/ogloszenia-duszpasterskie-29-niedziela-zwykla-16-pazdziernika-2022-roku\/\" class=\"more-link\">Czytaj dalej<span class=\"screen-reader-text\"> \u201eOG\u0141OSZENIA DUSZPASTERSKIE &#8211; 29 NIEDZIELA ZWYK\u0141A &#8211; 16 pa\u017adziernika 2022 roku\u201d<\/span><\/a><\/p>\n","protected":false},"author":3,"featured_media":0,"comment_status":"closed","ping_status":"open","sticky":false,"template":"","format":"standard","meta":{"footnotes":""},"categories":[7],"tags":[],"class_list":["post-2259","post","type-post","status-publish","format-standard","hentry","category-ogloszenia"],"_links":{"self":[{"href":"https:\/\/parafiadobieszewo.pl\/index.php\/wp-json\/wp\/v2\/posts\/2259","targetHints":{"allow":["GET"]}}],"collection":[{"href":"https:\/\/parafiadobieszewo.pl\/index.php\/wp-json\/wp\/v2\/posts"}],"about":[{"href":"https:\/\/parafiadobieszewo.pl\/index.php\/wp-json\/wp\/v2\/types\/post"}],"author":[{"embeddable":true,"href":"https:\/\/parafiadobieszewo.pl\/index.php\/wp-json\/wp\/v2\/users\/3"}],"replies":[{"embeddable":true,"href":"https:\/\/parafiadobieszewo.pl\/index.php\/wp-json\/wp\/v2\/comments?post=2259"}],"version-history":[{"count":3,"href":"https:\/\/parafiadobieszewo.pl\/index.php\/wp-json\/wp\/v2\/posts\/2259\/revisions"}],"predecessor-version":[{"id":2264,"href":"https:\/\/parafiadobieszewo.pl\/index.php\/wp-json\/wp\/v2\/posts\/2259\/revisions\/2264"}],"wp:attachment":[{"href":"https:\/\/parafiadobieszewo.pl\/index.php\/wp-json\/wp\/v2\/media?parent=2259"}],"wp:term":[{"taxonomy":"category","embeddable":true,"href":"https:\/\/parafiadobieszewo.pl\/index.php\/wp-json\/wp\/v2\/categories?post=2259"},{"taxonomy":"post_tag","embeddable":true,"href":"https:\/\/parafiadobieszewo.pl\/index.php\/wp-json\/wp\/v2\/tags?post=2259"}],"curies":[{"name":"wp","href":"https:\/\/api.w.org\/{rel}","templated":true}]}}