{"id":2274,"date":"2022-10-22T20:21:56","date_gmt":"2022-10-22T18:21:56","guid":{"rendered":"https:\/\/parafiadobieszewo.pl\/?p=2274"},"modified":"2022-10-22T20:21:56","modified_gmt":"2022-10-22T18:21:56","slug":"ogloszenia-duszpasterskie-30-niedziela-zwykla-23-pazdziernika-2022-roku","status":"publish","type":"post","link":"https:\/\/parafiadobieszewo.pl\/index.php\/2022\/10\/22\/ogloszenia-duszpasterskie-30-niedziela-zwykla-23-pazdziernika-2022-roku\/","title":{"rendered":"OG\u0141OSZENIA DUSZPASTERSKIE -30 NIEDZIELA ZWYK\u0141A &#8211; 23 pa\u017adziernika 2022 roku"},"content":{"rendered":"\n<ol class=\"wp-block-list\"><li>Dzisiaj (23 pa\u017adziernika) podczas Mszy \u015bw. o godz.: 12:00 zostan\u0105 po\u015bwi\u0119cone r\u00f3\u017ca\u0144ce dzieciom pierwszokomunijnym.<\/li><li>W tym tygodniu Msze \u015bw. b\u0119d\u0105 odprawiane w poniedzia\u0142ek , wtorek, \u015brod\u0119 i pi\u0105tek o godz.: 18:00, w czwartek o godz.: 22:00, w sobot\u0119 o godz.:17:00, w niedziel\u0119 o godz.: 9:00 i 12:00 oraz w Warblewie o 10:30.<br>Od poniedzia\u0142ku do pi\u0105tku p\u00f3\u0142 godziny przed Msz\u0105 \u015bw. odmawiamy r\u00f3\u017caniec \u015bwi\u0119ty \u2013 serdecznie zapraszam.<\/li><li>Zbli\u017ca si\u0119 Uroczysto\u015b\u0107 Wszystkich \u015awi\u0119tych i Dzie\u0144 Zadusznych &#8211; na stoliku pod ch\u00f3rem znajduj\u0105 si\u0119 druki do wypominek rocznych i jednorazowych \u2013 pami\u0119tajmy o naszych bliskich zmar\u0142ych.<\/li><li>Biuro parafialne czynne we wtorek 25 pa\u017adziernika od godz. 19:00 \u2013 20:00.<br>W godzinach otwarcia biura parafialnego mo\u017cna zamawia\u0107 Msze \u015bw. na nowy rok kalendarzowy.<\/li><li>We wtorek 25 pa\u017adziernika przed Msz\u0105 \u015bw. o godz. 17:30 nabo\u017ce\u0144stwo Duchowej Adopcji Dziecka Pocz\u0119tego.<\/li><li>W \u015brod\u0119 26 pa\u017adziernika przed Msz\u0105 \u015bw. \u2013 Rycerstwo Niepokalanej.<\/li><li>Spotkanie Wolontariuszy z naszej parafii w czwartek 27 pa\u017adziernika na godz.: 18:00. Zapraszamy m\u0142odzie\u017c, kt\u00f3ra chcia\u0142aby si\u0119 zaanga\u017cowa\u0107 w Wolontariat.<\/li><li>W czwartek 27 pa\u017adziernika \u2013 \u201eGodzina \u015awi\u0119ta\u201d od 23:00 do 00:00 \u2013 zapraszam.<\/li><li>Nabo\u017ce\u0144stwo 46 r\u00f3\u017ca\u0144c\u00f3w ku czci MB Guadalupe jest nieznanym nabo\u017ce\u0144stwem w Europie. Mog\u0142y si\u0119 spotka\u0107 z nim te osoby, kt\u00f3re pielgrzymowa\u0142y do Sanktuarium w Guadalupe w okresie jesienno-zimowym. Rozpoczyna si\u0119 ono 28 pa\u017adziernika i ko\u0144czy 12 grudnia, tj. w g\u0142\u00f3wn\u0105 uroczysto\u015b\u0107 Naj\u015bwi\u0119tszej Dziewicy, jako wspomnienie objawienia na wzg\u00f3rzu Tepeyac w 1531 roku. Odmawiane jest we wszystkich parafiach meksyka\u0144skich i nie tylko, w wi\u0119kszo\u015bci kraj\u00f3w hiszpa\u0144skoj\u0119zycznych, w kt\u00f3rych \u017cywe jest nabo\u017ce\u0144stwo do MB Guadalupe. Od 28 pa\u017adziernika do 12 grudnia jest dok\u0142adnie 46 dni, tj. tyle dni ile gwiazd na p\u0142aszczu Kr\u00f3lowej nieba. Nabo\u017ce\u0144stwo to maj\u0105ce uczci\u0107 Niepolan\u0105 Matk\u0119 Prawdziwego Boga, jest tak samo znane w Meksyku jak u nas nowenna pompeja\u0144ska, ma tak\u0105 sam\u0105 wag\u0119 i taki sam cel, oddania si\u0119 pe\u0142nego w opiek\u0119 Maryi, wyproszenia \u0142ask i uwielbienia Maryi. Nabo\u017ce\u0144stwo jest powtarzane corocznie. Od 28 pa\u017adziernika w naszej parafii rozpoczynamy nabo\u017ce\u0144stwo 46 r\u00f3\u017ca\u0144c\u00f3w. Zach\u0119cam i zapraszam bardzo serdecznie.<\/li><li>W pi\u0105tek 28 pa\u017adziernika od godz.: 17:00 do17:30 \u2013 wystawienie Naj\u015bwi\u0119tszego Sakramentu. W tym czasie spowied\u017a \u015bwi\u0119ta, a nast\u0119pnie o godz.: 17:30 \u2013 rozpocz\u0119cie nabo\u017ce\u0144stwa 46 r\u00f3\u017ca\u0144c\u00f3w do Matki Bo\u017cej z Guadalupe, a nast\u0119pnie Eucharystia oraz wiecz\u00f3r uwielbienia.<\/li><li>Spotkanie formacyjne kandydat\u00f3w do bierzmowania 6 listopada po Mszy \u015bw. o godz. 12:00.<\/li><li>Dzi\u0119kuj\u0119 wszystkim, kt\u00f3rzy zaanga\u017cowali si\u0119 w sprz\u0105tanie cmentarza w Dobieszewie (szczeg\u00f3lnie m\u0142odzie\u017cy przygotowuj\u0105cej si\u0119 do sakramentu bierzmowania w naszej parafii).<\/li><li>Prosz\u0119 o posprz\u0105tanie ko\u015bcio\u0142a mieszka\u0144c\u00f3w Brzezi\u0144ca. Zapraszam pierwsze rodziny do sprz\u0105tania w sobot\u0119 29 pa\u017adziernika na godz.: 11:00.<\/li><li>Zach\u0119cam do nabywania prasy katolickiej i kalendarzy na nowy rok.<\/li><li>W przysz\u0142\u0105 niedziel\u0119 &#8211; 30 pa\u017adziernika po ka\u017cdej Mszy \u015bw. wolontariusze z naszej parafii b\u0119d\u0105 zbiera\u0107 ofiary dla Klaudii i Dominika, kt\u00f3rzy ulegli tragicznemu wypadowi i teraz czeka ich d\u0142ugotrwa\u0142e leczenie i neurorehabilitacja.<\/li><\/ol>\n","protected":false},"excerpt":{"rendered":"<p>Dzisiaj (23 pa\u017adziernika) podczas Mszy \u015bw. o godz.: 12:00 zostan\u0105 po\u015bwi\u0119cone r\u00f3\u017ca\u0144ce dzieciom pierwszokomunijnym. W tym tygodniu Msze \u015bw. b\u0119d\u0105 odprawiane w poniedzia\u0142ek , wtorek, \u015brod\u0119 i pi\u0105tek o godz.: 18:00, w czwartek o godz.: 22:00, w sobot\u0119 o godz.:17:00, w niedziel\u0119 o godz.: 9:00 i 12:00 oraz w Warblewie o 10:30.Od poniedzia\u0142ku do pi\u0105tku &hellip; <\/p>\n<p class=\"link-more\"><a href=\"https:\/\/parafiadobieszewo.pl\/index.php\/2022\/10\/22\/ogloszenia-duszpasterskie-30-niedziela-zwykla-23-pazdziernika-2022-roku\/\" class=\"more-link\">Czytaj dalej<span class=\"screen-reader-text\"> \u201eOG\u0141OSZENIA DUSZPASTERSKIE -30 NIEDZIELA ZWYK\u0141A &#8211; 23 pa\u017adziernika 2022 roku\u201d<\/span><\/a><\/p>\n","protected":false},"author":3,"featured_media":0,"comment_status":"closed","ping_status":"open","sticky":false,"template":"","format":"standard","meta":{"footnotes":""},"categories":[7],"tags":[],"class_list":["post-2274","post","type-post","status-publish","format-standard","hentry","category-ogloszenia"],"_links":{"self":[{"href":"https:\/\/parafiadobieszewo.pl\/index.php\/wp-json\/wp\/v2\/posts\/2274","targetHints":{"allow":["GET"]}}],"collection":[{"href":"https:\/\/parafiadobieszewo.pl\/index.php\/wp-json\/wp\/v2\/posts"}],"about":[{"href":"https:\/\/parafiadobieszewo.pl\/index.php\/wp-json\/wp\/v2\/types\/post"}],"author":[{"embeddable":true,"href":"https:\/\/parafiadobieszewo.pl\/index.php\/wp-json\/wp\/v2\/users\/3"}],"replies":[{"embeddable":true,"href":"https:\/\/parafiadobieszewo.pl\/index.php\/wp-json\/wp\/v2\/comments?post=2274"}],"version-history":[{"count":1,"href":"https:\/\/parafiadobieszewo.pl\/index.php\/wp-json\/wp\/v2\/posts\/2274\/revisions"}],"predecessor-version":[{"id":2275,"href":"https:\/\/parafiadobieszewo.pl\/index.php\/wp-json\/wp\/v2\/posts\/2274\/revisions\/2275"}],"wp:attachment":[{"href":"https:\/\/parafiadobieszewo.pl\/index.php\/wp-json\/wp\/v2\/media?parent=2274"}],"wp:term":[{"taxonomy":"category","embeddable":true,"href":"https:\/\/parafiadobieszewo.pl\/index.php\/wp-json\/wp\/v2\/categories?post=2274"},{"taxonomy":"post_tag","embeddable":true,"href":"https:\/\/parafiadobieszewo.pl\/index.php\/wp-json\/wp\/v2\/tags?post=2274"}],"curies":[{"name":"wp","href":"https:\/\/api.w.org\/{rel}","templated":true}]}}