{"id":2388,"date":"2022-12-24T14:05:28","date_gmt":"2022-12-24T13:05:28","guid":{"rendered":"https:\/\/parafiadobieszewo.pl\/?p=2388"},"modified":"2022-12-24T14:05:28","modified_gmt":"2022-12-24T13:05:28","slug":"boze-narodzenie-zyczenia","status":"publish","type":"post","link":"https:\/\/parafiadobieszewo.pl\/index.php\/2022\/12\/24\/boze-narodzenie-zyczenia\/","title":{"rendered":"BO\u017bE NARODZENIE &#8211; \u017bYCZENIA"},"content":{"rendered":"\n<div class=\"wp-block-media-text alignwide is-stacked-on-mobile is-vertically-aligned-top\"><figure class=\"wp-block-media-text__media\"><video controls src=\"https:\/\/parafiadobieszewo.pl\/wp-content\/uploads\/2022\/12\/Zyczenia-Boze-narodzenie.mp4\"><\/video><\/figure><div class=\"wp-block-media-text__content\">\n<p>\u2026\u201ePrzyszed\u0142 na \u015bwiat w ciszy nocy, w zimn\u0105 noc, i nie objawi\u0142 tego wielkim tego \u015bwiata,<br>a pastuszkom, kt\u00f3rzy czuwali\u201d. <\/p>\n\n\n\n<p>O. Dolindo (Maryja do duszy).<\/p>\n<\/div><\/div>\n","protected":false},"excerpt":{"rendered":"<p>\u2026\u201ePrzyszed\u0142 na \u015bwiat w ciszy nocy, w zimn\u0105 noc, i nie objawi\u0142 tego wielkim tego \u015bwiata,a pastuszkom, kt\u00f3rzy czuwali\u201d. O. Dolindo (Maryja do duszy).<\/p>\n","protected":false},"author":3,"featured_media":0,"comment_status":"closed","ping_status":"open","sticky":false,"template":"","format":"standard","meta":{"footnotes":""},"categories":[4,7],"tags":[],"class_list":["post-2388","post","type-post","status-publish","format-standard","hentry","category-aktualnosci","category-ogloszenia"],"_links":{"self":[{"href":"https:\/\/parafiadobieszewo.pl\/index.php\/wp-json\/wp\/v2\/posts\/2388","targetHints":{"allow":["GET"]}}],"collection":[{"href":"https:\/\/parafiadobieszewo.pl\/index.php\/wp-json\/wp\/v2\/posts"}],"about":[{"href":"https:\/\/parafiadobieszewo.pl\/index.php\/wp-json\/wp\/v2\/types\/post"}],"author":[{"embeddable":true,"href":"https:\/\/parafiadobieszewo.pl\/index.php\/wp-json\/wp\/v2\/users\/3"}],"replies":[{"embeddable":true,"href":"https:\/\/parafiadobieszewo.pl\/index.php\/wp-json\/wp\/v2\/comments?post=2388"}],"version-history":[{"count":1,"href":"https:\/\/parafiadobieszewo.pl\/index.php\/wp-json\/wp\/v2\/posts\/2388\/revisions"}],"predecessor-version":[{"id":2390,"href":"https:\/\/parafiadobieszewo.pl\/index.php\/wp-json\/wp\/v2\/posts\/2388\/revisions\/2390"}],"wp:attachment":[{"href":"https:\/\/parafiadobieszewo.pl\/index.php\/wp-json\/wp\/v2\/media?parent=2388"}],"wp:term":[{"taxonomy":"category","embeddable":true,"href":"https:\/\/parafiadobieszewo.pl\/index.php\/wp-json\/wp\/v2\/categories?post=2388"},{"taxonomy":"post_tag","embeddable":true,"href":"https:\/\/parafiadobieszewo.pl\/index.php\/wp-json\/wp\/v2\/tags?post=2388"}],"curies":[{"name":"wp","href":"https:\/\/api.w.org\/{rel}","templated":true}]}}