{"id":2478,"date":"2023-02-04T21:56:39","date_gmt":"2023-02-04T20:56:39","guid":{"rendered":"https:\/\/parafiadobieszewo.pl\/?p=2478"},"modified":"2023-02-04T21:57:13","modified_gmt":"2023-02-04T20:57:13","slug":"ogloszenia-duszpasterskie-v-niedziela-zwykla-5-lutego-2023-r","status":"publish","type":"post","link":"https:\/\/parafiadobieszewo.pl\/index.php\/2023\/02\/04\/ogloszenia-duszpasterskie-v-niedziela-zwykla-5-lutego-2023-r\/","title":{"rendered":"OG\u0141OSZENIA DUSZPASTERSKIE &#8211; V NIEDZIELA ZWYK\u0141A &#8211; 5 lutego 2023 r"},"content":{"rendered":"\n<ol class=\"wp-block-list\">\n<li>Dzisiaj o godz.: 12:00 odb\u0119dzie si\u0119 uroczyste po\u015bwi\u0119cenie odnowionej Drogi Krzy\u017cowej. Podczas ka\u017cdej Mszy odb\u0119dzie si\u0119 obrz\u0119d b\u0142ogos\u0142awie\u0144stwa, chleba, soli i wody przez wstawiennictwo \u015bw. Agaty, patronki w niebezpiecze\u0144stwie po\u017car\u00f3w. (Chleb, wod\u0119 i s\u00f3l przynosimy we w\u0142asnym zakresie).<\/li>\n\n\n\n<li>Msze \u015bw. w tym tygodniu b\u0119d\u0105 odprawiane w poniedzia\u0142ek, wtorek i pi\u0105tek o godz.: 18:00 w \u015brod\u0119 o godz.: o godz.:10:00 i 18:00, w czwartek o godz.: 10:00 i 22:00, w sobot\u0119 o godz.: 17:00, w niedziel\u0119 bez zmian.<\/li>\n\n\n\n<li>Biuro parafialne czynne w poniedzia\u0142ek i wtorek 6 i 7 lutego od 19:30 do 20:30.<\/li>\n\n\n\n<li>W \u015brod\u0119 8 lutego przed Mszy \u015bw. wieczorn\u0105, o godz.: 17:15, Rycerstwo Niepokalanej.<\/li>\n\n\n\n<li>Spotkanie Wolontariuszy z naszej parafii w czwartek 9 lutego o godz.:18:00.<\/li>\n\n\n\n<li>W czwartek \u201eGodzina \u015awi\u0119ta\u201d &#8211; zapraszam.<\/li>\n\n\n\n<li>W sobot\u0119 11 lutego obchodzimy \u015bwi\u0119to Naj\u015bwi\u0119tszej Maryi Panny z Lourdes &#8211; \u015awiatowy Dzie\u0144 Chorego, tego dnia podczas Mszy \u015bw. o godz.: 17:00 udziel\u0119 sakramentu namaszczenia chorych.<\/li>\n\n\n\n<li>W sobot\u0119 11 lutego od godz.: 13:30 zapraszam dzieci wraz z rodzicami na star\u0105 plebani\u0119, na spotkanie z pani\u0105 krawcowa, w celu brania miary do uszycia alb. Zapraszam r\u00f3wnie\u017c ch\u0119tnych, kt\u00f3rzy chc\u0105 odsprzeda\u0107 u\u017cywane stroje z poprzednich lat.<\/li>\n\n\n\n<li>Nabo\u017ce\u0144stwo R\u00f3\u017ca\u0144ca \u015awi\u0119tego i P\u0142aszcza Naj\u015bwi\u0119tszej Maryi Panny z Guadalupe zosta\u0142o prze\u0142o\u017cone na 12 lutego po Mszy \u015bw. o godz.: 18:00 &#8211; zapraszam<\/li>\n\n\n\n<li>Zach\u0119cam do nabywania nowego nr Pielgrzyma<\/li>\n\n\n\n<li>Dzi\u0119kuj\u0119 za posprz\u0105tanie ko\u015bcio\u0142a rodzinom: p. Ireny Botwinionek i p. Haliny Owsiuk. Prosz\u0119 o posprz\u0105tanie ko\u015bcio\u0142a rodziny: p. El\u017cbiety Malich i p. Anny Brzezi\u0144skiej w sobot\u0119 25 lutego na godz.: 11:00.<br>Dzi\u0119kuj\u0119 za sprz\u0105tni\u0119cie dekoracji \u015bwi\u0105tecznej mieszka\u0144com Le\u015bni, Jamrzyna i wolontariuszom.<\/li>\n\n\n\n<li>Z naszej wsp\u00f3lnoty parafialnej odszed\u0142 do wieczno\u015bci:<br>&#8211; \u015bp. Edward Wojnicki l. 61 z \u0141abiszewa<br>&#8211; \u015bp. Wac\u0142aw B\u0105czkowski l. 70 z Dobieszewka \u2013 pogrzeb odb\u0119dzie si\u0119 w poniedzia\u0142ek 6 lutego o godz. 13:30 w naszej parafii. Wystawienie i r\u00f3\u017caniec za zmar\u0142ego o godz. 13:00. Poch\u00f3wek na cmentarzu w Dobieszewie.<\/li>\n<\/ol>\n","protected":false},"excerpt":{"rendered":"","protected":false},"author":3,"featured_media":0,"comment_status":"closed","ping_status":"open","sticky":false,"template":"","format":"standard","meta":{"footnotes":""},"categories":[7],"tags":[],"class_list":["post-2478","post","type-post","status-publish","format-standard","hentry","category-ogloszenia"],"_links":{"self":[{"href":"https:\/\/parafiadobieszewo.pl\/index.php\/wp-json\/wp\/v2\/posts\/2478","targetHints":{"allow":["GET"]}}],"collection":[{"href":"https:\/\/parafiadobieszewo.pl\/index.php\/wp-json\/wp\/v2\/posts"}],"about":[{"href":"https:\/\/parafiadobieszewo.pl\/index.php\/wp-json\/wp\/v2\/types\/post"}],"author":[{"embeddable":true,"href":"https:\/\/parafiadobieszewo.pl\/index.php\/wp-json\/wp\/v2\/users\/3"}],"replies":[{"embeddable":true,"href":"https:\/\/parafiadobieszewo.pl\/index.php\/wp-json\/wp\/v2\/comments?post=2478"}],"version-history":[{"count":2,"href":"https:\/\/parafiadobieszewo.pl\/index.php\/wp-json\/wp\/v2\/posts\/2478\/revisions"}],"predecessor-version":[{"id":2480,"href":"https:\/\/parafiadobieszewo.pl\/index.php\/wp-json\/wp\/v2\/posts\/2478\/revisions\/2480"}],"wp:attachment":[{"href":"https:\/\/parafiadobieszewo.pl\/index.php\/wp-json\/wp\/v2\/media?parent=2478"}],"wp:term":[{"taxonomy":"category","embeddable":true,"href":"https:\/\/parafiadobieszewo.pl\/index.php\/wp-json\/wp\/v2\/categories?post=2478"},{"taxonomy":"post_tag","embeddable":true,"href":"https:\/\/parafiadobieszewo.pl\/index.php\/wp-json\/wp\/v2\/tags?post=2478"}],"curies":[{"name":"wp","href":"https:\/\/api.w.org\/{rel}","templated":true}]}}