{"id":248,"date":"2019-09-13T01:18:24","date_gmt":"2019-09-12T23:18:24","guid":{"rendered":"https:\/\/parafiadobieszewo.pl\/?p=248"},"modified":"2019-09-13T07:19:40","modified_gmt":"2019-09-13T05:19:40","slug":"polska-pod-krzyzem","status":"publish","type":"post","link":"https:\/\/parafiadobieszewo.pl\/index.php\/2019\/09\/13\/polska-pod-krzyzem\/","title":{"rendered":"&#8222;Polska pod Krzy\u017cem&#8221;"},"content":{"rendered":"\n<p class=\"has-background has-light-green-cyan-background-color\">W dniu 14 wrze\u015bnia\n2019 r. w \u015bwi\u0119to Podwy\u017cszenia Krzy\u017ca \u015awi\u0119tego b\u0119dziemy si\u0119 \u0142\u0105czy\u0107 z\nog\u00f3lnopolsk\u0105 akcj\u0105 pn. \u201ePolska pod Krzy\u017cem\u201d. <\/p>\n\n\n\n<p>Zapraszamy naszych parafian do wsp\u00f3lnej modlitwy. <\/p>\n\n\n\n<p>Rozpoczynamy Msz\u0105 \u015bw. o godz. 20.00, &nbsp;nast\u0119pnie procesja pod Krzy\u017c przy ko\u015bciele i nabo\u017ce\u0144stwo.  <\/p>\n\n\n\n<p>Nie b\u0105d\u017amy oboj\u0119tni na wezwanie, zacznijmy walczy\u0107 o nas samych i o nasz Ko\u015bci\u00f3\u0142  &#8211; modlitw\u0105, bo przecie\u017c to jest najwi\u0119ksza si\u0142a nas Chrze\u015bcijan.<\/p>\n\n\n\n<p>\u00a0<a href=\"https:\/\/www.polskapodkrzyzem.pl\/#o-wydarzeniu\" target=\"_blank\" rel=\"noreferrer noopener\" aria-label=\" (otwiera si\u0119 na nowej zak\u0142adce)\">https:\/\/www.polskapodkrzyzem.pl\/#o-wydarzeniu<\/a><\/p>\n","protected":false},"excerpt":{"rendered":"<p>W dniu 14 wrze\u015bnia 2019 r. w \u015bwi\u0119to Podwy\u017cszenia Krzy\u017ca \u015awi\u0119tego b\u0119dziemy si\u0119 \u0142\u0105czy\u0107 z og\u00f3lnopolsk\u0105 akcj\u0105 pn. \u201ePolska pod Krzy\u017cem\u201d. Zapraszamy naszych parafian do wsp\u00f3lnej modlitwy. Rozpoczynamy Msz\u0105 \u015bw. o godz. 20.00, &nbsp;nast\u0119pnie procesja pod Krzy\u017c przy ko\u015bciele i nabo\u017ce\u0144stwo. Nie b\u0105d\u017amy oboj\u0119tni na wezwanie, zacznijmy walczy\u0107 o nas samych i o nasz Ko\u015bci\u00f3\u0142 &hellip; <\/p>\n<p class=\"link-more\"><a href=\"https:\/\/parafiadobieszewo.pl\/index.php\/2019\/09\/13\/polska-pod-krzyzem\/\" class=\"more-link\">Czytaj dalej<span class=\"screen-reader-text\"> \u201e&#8222;Polska pod Krzy\u017cem&#8221;\u201d<\/span><\/a><\/p>\n","protected":false},"author":3,"featured_media":0,"comment_status":"closed","ping_status":"open","sticky":false,"template":"","format":"standard","meta":{"footnotes":""},"categories":[4],"tags":[],"class_list":["post-248","post","type-post","status-publish","format-standard","hentry","category-aktualnosci"],"_links":{"self":[{"href":"https:\/\/parafiadobieszewo.pl\/index.php\/wp-json\/wp\/v2\/posts\/248","targetHints":{"allow":["GET"]}}],"collection":[{"href":"https:\/\/parafiadobieszewo.pl\/index.php\/wp-json\/wp\/v2\/posts"}],"about":[{"href":"https:\/\/parafiadobieszewo.pl\/index.php\/wp-json\/wp\/v2\/types\/post"}],"author":[{"embeddable":true,"href":"https:\/\/parafiadobieszewo.pl\/index.php\/wp-json\/wp\/v2\/users\/3"}],"replies":[{"embeddable":true,"href":"https:\/\/parafiadobieszewo.pl\/index.php\/wp-json\/wp\/v2\/comments?post=248"}],"version-history":[{"count":5,"href":"https:\/\/parafiadobieszewo.pl\/index.php\/wp-json\/wp\/v2\/posts\/248\/revisions"}],"predecessor-version":[{"id":266,"href":"https:\/\/parafiadobieszewo.pl\/index.php\/wp-json\/wp\/v2\/posts\/248\/revisions\/266"}],"wp:attachment":[{"href":"https:\/\/parafiadobieszewo.pl\/index.php\/wp-json\/wp\/v2\/media?parent=248"}],"wp:term":[{"taxonomy":"category","embeddable":true,"href":"https:\/\/parafiadobieszewo.pl\/index.php\/wp-json\/wp\/v2\/categories?post=248"},{"taxonomy":"post_tag","embeddable":true,"href":"https:\/\/parafiadobieszewo.pl\/index.php\/wp-json\/wp\/v2\/tags?post=248"}],"curies":[{"name":"wp","href":"https:\/\/api.w.org\/{rel}","templated":true}]}}