{"id":2559,"date":"2023-03-25T14:35:14","date_gmt":"2023-03-25T13:35:14","guid":{"rendered":"https:\/\/parafiadobieszewo.pl\/?p=2559"},"modified":"2023-03-25T14:35:14","modified_gmt":"2023-03-25T13:35:14","slug":"ogloszenia-duszpasterskie-v-niedziela-wielkiego-postu-26-marca-2023-r","status":"publish","type":"post","link":"https:\/\/parafiadobieszewo.pl\/index.php\/2023\/03\/25\/ogloszenia-duszpasterskie-v-niedziela-wielkiego-postu-26-marca-2023-r\/","title":{"rendered":"OG\u0141OSZENIA DUSZPASTERSKIE &#8211; V NIEDZIELA WIELKIEGO POSTU &#8211; 26 marca 2023 r."},"content":{"rendered":"\n<ol class=\"wp-block-list\">\n<li>W tym tygodniu Msze \u015bw. b\u0119d\u0105 odprawiane w poniedzia\u0142ek i wtorek o godz.: 17:00, w \u015brod\u0119 o godz.:18:00, w czwartek o godz.: 22:00, w pi\u0105tek o 18:00, w sobot\u0119 o 18:45, w niedziel\u0119 o 9:00 i 12:00. W Warblewie w pi\u0105tek o 16:00 i niedziel\u0119 o 10:30.<\/li>\n\n\n\n<li>Za tydzie\u0144 &#8211; <strong>Niedziela Palmowa, czyli M\u0119ki Pa\u0144skiej,<\/strong> kt\u00f3ra rozpoczyna obchody Wielkiego Tygodnia \u2013 najwa\u017cniejszego czasu dla chrze\u015bcijan. Po ka\u017cdej Mszy \u015bw. po\u015bwi\u0119c\u0119 palmy. Dzisiaj nasi wolontariusze po ka\u017cdej Mszy \u015bw. b\u0119d\u0105 rozprowadzali palmy i stroiki wielkanocne. Doch\u00f3d z palm i stroik\u00f3w przeznaczony zostanie na dzia\u0142alno\u015b\u0107 wolontariatu.<\/li>\n\n\n\n<li><strong>Spowied\u017a Wielkanocna w naszej parafii odb\u0119dzie si\u0119 w czwartek 30 marca:<\/strong><\/li>\n<\/ol>\n\n\n\n<p><strong>18:45 \u2013 Warblewo<br>19:00 \u2013 Dobieszewo<\/strong><br>W tym roku pierwszy pi\u0105tek miesi\u0105ca przypada w Wielki Pi\u0105tek, dlatego nie b\u0119dzie spowiedzi \u015bw. Bardzo prosz\u0119 \u017ceby wszyscy skorzystali ze spowiedzi wielkanocnej.<\/p>\n\n\n\n<ol class=\"wp-block-list\" start=\"4\">\n<li>Nabo\u017ce\u0144stwa wielkopostne:<br><strong>DROGA KRZY\u017bOWA<\/strong> w pi\u0105tek w Warblewie po Mszy \u015bw. o godz. 16:00, w Dobieszewie po Mszy \u015bw. o godz.:18:00<br><strong>GORZKIE \u017bALE <\/strong>z kazaniem pasyjnym dzi\u015b (tj. 25 marca) o godz.: 16:00 i Wielk\u0105 \u015arod\u0119 (5 kwietnia) o godz.:18:00.<\/li>\n\n\n\n<li><strong>Biuro parafialne czynne w \u015brod\u0119 29 marca 19:00 \u2013 20:00.<\/strong><\/li>\n\n\n\n<li>W \u015brod\u0119 29 marca o godz. 17:30 \u2013 Rycerstwo Niepokalanej.<\/li>\n\n\n\n<li>W czwartek 30 marca \u201eGodzina \u015awi\u0119ta\u201d \u2013 zapraszam.<\/li>\n\n\n\n<li><strong>W tym tygodniu 1 kwietnia &#8211; I sobota miesi\u0105ca \u2013 o godz.: 18:00<\/strong> rozpoczniemy Nabo\u017ce\u0144stwo pierwszych pi\u0119ciu sob\u00f3t miesi\u0105ca, kt\u00f3re zako\u0144czy si\u0119 Eucharysti\u0105 wynagradzaj\u0105c\u0105 Niepokalanemu Sercu Maryi<\/li>\n\n\n\n<li><strong>Chorych przed \u015bwi\u0119tami odwiedz\u0119 we wtorek 4 kwietnia od godz. 11:00.<\/strong><\/li>\n\n\n\n<li>W tym roku dekoracj\u0105 ko\u015bcio\u0142a na \u015bwi\u0119ta Wielkanocne zajm\u0105 si\u0119 mieszka\u0144cy Boguszyc i \u0141abiszewa. Zapraszam na spotkanie &#8211; 31 marca po Mszy \u015bw. i Drodze Krzy\u017cowej na godz. 20:00.<\/li>\n\n\n\n<li>Dzi\u0119kuj\u0119 za posprz\u0105tanie ko\u015bcio\u0142a rodzinom: p. Ma\u0142gorzaty Pipczy\u0144skiej, p. Justyny Pipczy\u0144skiej, p. Jadwigi Kromp. Prosz\u0119 o posprz\u0105tanie ko\u015bcio\u0142a rodziny: p. Bronis\u0142awy Damaszke i p. Lucyny Kromp w sobot\u0119 1 kwietnia na godz.: 11:00.<\/li>\n\n\n\n<li>Z naszej wsp\u00f3lnoty parafialnej odszed\u0142 do wieczno\u015bci: \u015bp. Alfred Konradt l. 89 z Dobieszewka. Wieczny odpoczynek\u2026<\/li>\n<\/ol>\n","protected":false},"excerpt":{"rendered":"<p>18:45 \u2013 Warblewo19:00 \u2013 DobieszewoW tym roku pierwszy pi\u0105tek miesi\u0105ca przypada w Wielki Pi\u0105tek, dlatego nie b\u0119dzie spowiedzi \u015bw. Bardzo prosz\u0119 \u017ceby wszyscy skorzystali ze spowiedzi wielkanocnej.<\/p>\n","protected":false},"author":3,"featured_media":0,"comment_status":"closed","ping_status":"open","sticky":false,"template":"","format":"standard","meta":{"footnotes":""},"categories":[7],"tags":[],"class_list":["post-2559","post","type-post","status-publish","format-standard","hentry","category-ogloszenia"],"_links":{"self":[{"href":"https:\/\/parafiadobieszewo.pl\/index.php\/wp-json\/wp\/v2\/posts\/2559","targetHints":{"allow":["GET"]}}],"collection":[{"href":"https:\/\/parafiadobieszewo.pl\/index.php\/wp-json\/wp\/v2\/posts"}],"about":[{"href":"https:\/\/parafiadobieszewo.pl\/index.php\/wp-json\/wp\/v2\/types\/post"}],"author":[{"embeddable":true,"href":"https:\/\/parafiadobieszewo.pl\/index.php\/wp-json\/wp\/v2\/users\/3"}],"replies":[{"embeddable":true,"href":"https:\/\/parafiadobieszewo.pl\/index.php\/wp-json\/wp\/v2\/comments?post=2559"}],"version-history":[{"count":1,"href":"https:\/\/parafiadobieszewo.pl\/index.php\/wp-json\/wp\/v2\/posts\/2559\/revisions"}],"predecessor-version":[{"id":2560,"href":"https:\/\/parafiadobieszewo.pl\/index.php\/wp-json\/wp\/v2\/posts\/2559\/revisions\/2560"}],"wp:attachment":[{"href":"https:\/\/parafiadobieszewo.pl\/index.php\/wp-json\/wp\/v2\/media?parent=2559"}],"wp:term":[{"taxonomy":"category","embeddable":true,"href":"https:\/\/parafiadobieszewo.pl\/index.php\/wp-json\/wp\/v2\/categories?post=2559"},{"taxonomy":"post_tag","embeddable":true,"href":"https:\/\/parafiadobieszewo.pl\/index.php\/wp-json\/wp\/v2\/tags?post=2559"}],"curies":[{"name":"wp","href":"https:\/\/api.w.org\/{rel}","templated":true}]}}