{"id":2588,"date":"2023-04-08T23:57:45","date_gmt":"2023-04-08T21:57:45","guid":{"rendered":"https:\/\/parafiadobieszewo.pl\/?p=2588"},"modified":"2023-04-08T23:59:53","modified_gmt":"2023-04-08T21:59:53","slug":"niedziela-zmartwychwstania-panskiego-ogloszenia-09-04-2022-r","status":"publish","type":"post","link":"https:\/\/parafiadobieszewo.pl\/index.php\/2023\/04\/08\/niedziela-zmartwychwstania-panskiego-ogloszenia-09-04-2022-r\/","title":{"rendered":"NIEDZIELA ZMARTWYCHWSTANIA PA\u0143SKIEGO &#8211; OG\u0141OSZENIA 09.04.2022 r"},"content":{"rendered":"\n<p><strong>\u201e Nawet gr\u00f3b rozwali i piecz\u0119cie rozerwie, aby wybiec na \u015bwiat i wie\u015bci\u0107 nowe \u017cycie. B\u00f3l Wielkiego Pi\u0105tku trwa jeden dzie\u0144. A rado\u015b\u0107 Zmartwychwstania i zwyci\u0119skiej mi\u0142o\u015bci, kt\u00f3ra nie umiera \u2013 trwa wiecznie\u2026!<\/strong><br>B\u0142.kardyna\u0142 Stefan Wyszy\u0144ski<\/p>\n\n\n\n<p><strong>Niech pot\u0119ga zwyci\u0119skiej mi\u0142o\u015bci Zmartwychwsta\u0142ego skruszy ka\u017cdy kamie\u0144 zagradzaj\u0105cy Mu drog\u0119 do naszego serca. B\u0142ogos\u0142awionych, pe\u0142nych ludzkiej \u017cyczliwo\u015bci \u015bwi\u0105t Zmartwychwstania Pa\u0144skiego. Niech Naj\u015bwi\u0119tsza Panienka z Guadalupe okryje Was p\u0142aszczem swojej matczynej mi\u0142o\u015bci.<\/strong><\/p>\n\n\n\n<p>Ks. Proboszcz.<\/p>\n\n\n\n<ol class=\"wp-block-list\">\n<li>W tym tygodniu Msze \u015bw. b\u0119d\u0105 odprawiane w nast\u0119puj\u0105cym porz\u0105dku:<br>jutro (Poniedzia\u0142ek Wielkanocny) o godz.: 10:30 w Warblewie i o godz.: 12:00 w Dobieszewie, od wtorku do pi\u0105tku o godz.: 18:00, w czwartek o godz.: 22:00, w sobot\u0119 o 17:00, w niedziel\u0119 o godz.: 9:00,12:00 i 15:30 w Dobieszewie i 10:30 w Warblewie.<\/li>\n\n\n\n<li>Biuro parafialne czynne we wtorek 12 kwietnia od 19:00 \u2013 20:00.<\/li>\n\n\n\n<li>W \u015brod\u0119 12 kwietnia o godz.: 17:00 \u2013 Rycerstwo Niepokalanej.<\/li>\n\n\n\n<li>W czwartek 13 kwietnia od 23:00 do 24:00 \u2013 Godzina \u015awi\u0119ta<\/li>\n\n\n\n<li>W sobot\u0119 15 kwietnia po Mszy \u015bw. o godz. 17:00 \u2013 spotkanie dzieci pierwszokomunijnych.<\/li>\n\n\n\n<li>W niedziel\u0119 16 kwietnia \u015bwi\u0119to Mi\u0142osierdzia Bo\u017cego \u2013 zapraszam wszystkich ch\u0119tnych na godz.: 15:00 \u2013 odm\u00f3wimy wsp\u00f3lnie koronk\u0119 do Bo\u017cego Mi\u0142osierdzia.<\/li>\n\n\n\n<li>W sobot\u0119 29 kwietnia po Mszy \u015bw. o godz.: 17:00 zapraszam na spotkanie rodziny nale\u017c\u0105ce do Apostolatu Matki Bo\u017cej Trzykro\u0107 Przedziwnej. Szczeg\u00f3lnie zapraszam wszystkich opiekun\u00f3w poszczeg\u00f3lnych kr\u0119g\u00f3w, kt\u00f3rych jest w naszej parafii 13.<\/li>\n\n\n\n<li>W niedziel\u0119 30 kwietnia w \u0142\u0105czno\u015bci z Msz\u0105 \u015bw. o godz. 18:00 \u2013 Nabo\u017ce\u0144stwo R\u00f3\u017ca\u0144ca \u015awi\u0119tego i P\u0142aszcza Naj\u015bwi\u0119tszej Panienki z Guadalupe.<\/li>\n\n\n\n<li>Zapraszam do nabywania prasy katolickiej min. Wiadomo\u015bci Stra\u017cy Honorowej NSPJ w kt\u00f3rej jest dodatek z rozwa\u017caniami R\u00f3\u017ca\u0144ca \u015bw.- polecam.<\/li>\n\n\n\n<li>TYM WSZYSTKIM, kt\u00f3rzy przyczynili si\u0119 do u\u015bwietnienia tegorocznych \u015awi\u0105t Wielkanocnych, Triduum Paschalnego i Procesji Rezurekcyjnej; tym, kt\u00f3rzy przygotowali Gr\u00f3b Pa\u0144ski i Ciemnic\u0119, zadbali o nasz ko\u015bci\u00f3\u0142, o jego \u015bwi\u0105teczny wystr\u00f3j, mieszka\u0144com Boguszyc i \u0141abiszewa &#8211; SERDECZNE B\u00d3G ZAP\u0141A\u0106!!!<\/li>\n\n\n\n<li>Prosz\u0119 o posprz\u0105tanie ko\u015bcio\u0142a rodziny: p. Anieli Pek i p. Katarzyny Gojke w sobot\u0119 15 kwietnia na godz.: 11:00.<\/li>\n<\/ol>\n","protected":false},"excerpt":{"rendered":"<p>\u201e Nawet gr\u00f3b rozwali i piecz\u0119cie rozerwie, aby wybiec na \u015bwiat i wie\u015bci\u0107 nowe \u017cycie. B\u00f3l Wielkiego Pi\u0105tku trwa jeden dzie\u0144. A rado\u015b\u0107 Zmartwychwstania i zwyci\u0119skiej mi\u0142o\u015bci, kt\u00f3ra nie umiera \u2013 trwa wiecznie\u2026!B\u0142.kardyna\u0142 Stefan Wyszy\u0144ski Niech pot\u0119ga zwyci\u0119skiej mi\u0142o\u015bci Zmartwychwsta\u0142ego skruszy ka\u017cdy kamie\u0144 zagradzaj\u0105cy Mu drog\u0119 do naszego serca. B\u0142ogos\u0142awionych, pe\u0142nych ludzkiej \u017cyczliwo\u015bci \u015bwi\u0105t Zmartwychwstania &hellip; <\/p>\n<p class=\"link-more\"><a href=\"https:\/\/parafiadobieszewo.pl\/index.php\/2023\/04\/08\/niedziela-zmartwychwstania-panskiego-ogloszenia-09-04-2022-r\/\" class=\"more-link\">Czytaj dalej<span class=\"screen-reader-text\"> \u201eNIEDZIELA ZMARTWYCHWSTANIA PA\u0143SKIEGO &#8211; OG\u0141OSZENIA 09.04.2022 r\u201d<\/span><\/a><\/p>\n","protected":false},"author":3,"featured_media":0,"comment_status":"closed","ping_status":"open","sticky":false,"template":"","format":"standard","meta":{"footnotes":""},"categories":[7],"tags":[],"class_list":["post-2588","post","type-post","status-publish","format-standard","hentry","category-ogloszenia"],"_links":{"self":[{"href":"https:\/\/parafiadobieszewo.pl\/index.php\/wp-json\/wp\/v2\/posts\/2588","targetHints":{"allow":["GET"]}}],"collection":[{"href":"https:\/\/parafiadobieszewo.pl\/index.php\/wp-json\/wp\/v2\/posts"}],"about":[{"href":"https:\/\/parafiadobieszewo.pl\/index.php\/wp-json\/wp\/v2\/types\/post"}],"author":[{"embeddable":true,"href":"https:\/\/parafiadobieszewo.pl\/index.php\/wp-json\/wp\/v2\/users\/3"}],"replies":[{"embeddable":true,"href":"https:\/\/parafiadobieszewo.pl\/index.php\/wp-json\/wp\/v2\/comments?post=2588"}],"version-history":[{"count":4,"href":"https:\/\/parafiadobieszewo.pl\/index.php\/wp-json\/wp\/v2\/posts\/2588\/revisions"}],"predecessor-version":[{"id":2593,"href":"https:\/\/parafiadobieszewo.pl\/index.php\/wp-json\/wp\/v2\/posts\/2588\/revisions\/2593"}],"wp:attachment":[{"href":"https:\/\/parafiadobieszewo.pl\/index.php\/wp-json\/wp\/v2\/media?parent=2588"}],"wp:term":[{"taxonomy":"category","embeddable":true,"href":"https:\/\/parafiadobieszewo.pl\/index.php\/wp-json\/wp\/v2\/categories?post=2588"},{"taxonomy":"post_tag","embeddable":true,"href":"https:\/\/parafiadobieszewo.pl\/index.php\/wp-json\/wp\/v2\/tags?post=2588"}],"curies":[{"name":"wp","href":"https:\/\/api.w.org\/{rel}","templated":true}]}}