{"id":2696,"date":"2023-05-17T21:59:26","date_gmt":"2023-05-17T19:59:26","guid":{"rendered":"https:\/\/parafiadobieszewo.pl\/?p=2696"},"modified":"2023-05-17T21:59:26","modified_gmt":"2023-05-17T19:59:26","slug":"czwartek-18-maja","status":"publish","type":"post","link":"https:\/\/parafiadobieszewo.pl\/index.php\/2023\/05\/17\/czwartek-18-maja\/","title":{"rendered":"Czwartek 18 maja"},"content":{"rendered":"\n<div class=\"wp-block-media-text alignwide is-stacked-on-mobile\"><figure class=\"wp-block-media-text__media\"><video controls src=\"https:\/\/parafiadobieszewo.pl\/wp-content\/uploads\/2023\/05\/VID-20230517-WA0000.mp4\"><\/video><\/figure><div class=\"wp-block-media-text__content\">\n<p>21:30- Nabo\u017ce\u0144stwo Majowe, 22:00 &#8211; Eucharystia, od 23:00 do 24:00 &#8211; Godzina \u015awi\u0119ta <\/p>\n<\/div><\/div>\n","protected":false},"excerpt":{"rendered":"<p>21:30- Nabo\u017ce\u0144stwo Majowe, 22:00 &#8211; Eucharystia, od 23:00 do 24:00 &#8211; Godzina \u015awi\u0119ta<\/p>\n","protected":false},"author":3,"featured_media":0,"comment_status":"closed","ping_status":"open","sticky":false,"template":"","format":"standard","meta":{"footnotes":""},"categories":[4],"tags":[],"class_list":["post-2696","post","type-post","status-publish","format-standard","hentry","category-aktualnosci"],"_links":{"self":[{"href":"https:\/\/parafiadobieszewo.pl\/index.php\/wp-json\/wp\/v2\/posts\/2696","targetHints":{"allow":["GET"]}}],"collection":[{"href":"https:\/\/parafiadobieszewo.pl\/index.php\/wp-json\/wp\/v2\/posts"}],"about":[{"href":"https:\/\/parafiadobieszewo.pl\/index.php\/wp-json\/wp\/v2\/types\/post"}],"author":[{"embeddable":true,"href":"https:\/\/parafiadobieszewo.pl\/index.php\/wp-json\/wp\/v2\/users\/3"}],"replies":[{"embeddable":true,"href":"https:\/\/parafiadobieszewo.pl\/index.php\/wp-json\/wp\/v2\/comments?post=2696"}],"version-history":[{"count":1,"href":"https:\/\/parafiadobieszewo.pl\/index.php\/wp-json\/wp\/v2\/posts\/2696\/revisions"}],"predecessor-version":[{"id":2698,"href":"https:\/\/parafiadobieszewo.pl\/index.php\/wp-json\/wp\/v2\/posts\/2696\/revisions\/2698"}],"wp:attachment":[{"href":"https:\/\/parafiadobieszewo.pl\/index.php\/wp-json\/wp\/v2\/media?parent=2696"}],"wp:term":[{"taxonomy":"category","embeddable":true,"href":"https:\/\/parafiadobieszewo.pl\/index.php\/wp-json\/wp\/v2\/categories?post=2696"},{"taxonomy":"post_tag","embeddable":true,"href":"https:\/\/parafiadobieszewo.pl\/index.php\/wp-json\/wp\/v2\/tags?post=2696"}],"curies":[{"name":"wp","href":"https:\/\/api.w.org\/{rel}","templated":true}]}}