{"id":2708,"date":"2023-05-18T15:08:41","date_gmt":"2023-05-18T13:08:41","guid":{"rendered":"https:\/\/parafiadobieszewo.pl\/?p=2708"},"modified":"2023-05-18T15:11:51","modified_gmt":"2023-05-18T13:11:51","slug":"apostolat-rekolekcje-2023","status":"publish","type":"post","link":"https:\/\/parafiadobieszewo.pl\/index.php\/2023\/05\/18\/apostolat-rekolekcje-2023\/","title":{"rendered":"APOSTOLAT &#8211; REKOLEKCJE 2023"},"content":{"rendered":"\n<p>Rekolekcje dla kr\u0119g\u00f3w odbywaj\u0105 si\u0119 w Koszalinie w CEF-ie (Centrum Edukacyjno- Formacyjne ul. Seminaryjna 2A) w dw\u00f3ch terminach:<\/p>\n\n\n\n<ul class=\"wp-block-list\">\n<li>od 9 do 11 czerwca &#8211; zg\u0142oszenia do 28 maja &#8211; opiekunowi kr\u0119gu;<\/li>\n<\/ul>\n\n\n\n<ul class=\"wp-block-list\">\n<li>od 23- 25 sierpnia &#8211; zg\u0142oszenia do 28 lipca &#8211; opiekunowi kr\u0119gu.<\/li>\n<\/ul>\n\n\n\n<p>Rozpocz\u0119cie rekolekcji o godz.: 16:00, zako\u0144czenie ostatniego dnia o godz.: 15:00. Koszt za dob\u0119 &#8211; nocleg i ca\u0142odzienne wy\u017cywienie 110 z\u0142. Dojazd we w\u0142asnym zakresie.<\/p>\n\n\n\n<div class=\"wp-block-media-text alignwide is-stacked-on-mobile\"><figure class=\"wp-block-media-text__media\"><img loading=\"lazy\" decoding=\"async\" width=\"1024\" height=\"768\" src=\"https:\/\/parafiadobieszewo.pl\/wp-content\/uploads\/2023\/05\/MB-1024x768.jpg\" alt=\"\" class=\"wp-image-2710 size-full\" srcset=\"https:\/\/parafiadobieszewo.pl\/wp-content\/uploads\/2023\/05\/MB-1024x768.jpg 1024w, https:\/\/parafiadobieszewo.pl\/wp-content\/uploads\/2023\/05\/MB-300x225.jpg 300w, https:\/\/parafiadobieszewo.pl\/wp-content\/uploads\/2023\/05\/MB-768x576.jpg 768w, https:\/\/parafiadobieszewo.pl\/wp-content\/uploads\/2023\/05\/MB-1536x1152.jpg 1536w, https:\/\/parafiadobieszewo.pl\/wp-content\/uploads\/2023\/05\/MB.jpg 2000w\" sizes=\"auto, (max-width: 767px) 89vw, (max-width: 1000px) 54vw, (max-width: 1071px) 543px, 580px\" \/><\/figure><div class=\"wp-block-media-text__content\">\n<p><\/p>\n<\/div><\/div>\n","protected":false},"excerpt":{"rendered":"<p>Rekolekcje dla kr\u0119g\u00f3w odbywaj\u0105 si\u0119 w Koszalinie w CEF-ie (Centrum Edukacyjno- Formacyjne ul. Seminaryjna 2A) w dw\u00f3ch terminach: Rozpocz\u0119cie rekolekcji o godz.: 16:00, zako\u0144czenie ostatniego dnia o godz.: 15:00. Koszt za dob\u0119 &#8211; nocleg i ca\u0142odzienne wy\u017cywienie 110 z\u0142. Dojazd we w\u0142asnym zakresie.<\/p>\n","protected":false},"author":3,"featured_media":0,"comment_status":"closed","ping_status":"open","sticky":false,"template":"","format":"standard","meta":{"footnotes":""},"categories":[9],"tags":[],"class_list":["post-2708","post","type-post","status-publish","format-standard","hentry","category-apostolat"],"_links":{"self":[{"href":"https:\/\/parafiadobieszewo.pl\/index.php\/wp-json\/wp\/v2\/posts\/2708","targetHints":{"allow":["GET"]}}],"collection":[{"href":"https:\/\/parafiadobieszewo.pl\/index.php\/wp-json\/wp\/v2\/posts"}],"about":[{"href":"https:\/\/parafiadobieszewo.pl\/index.php\/wp-json\/wp\/v2\/types\/post"}],"author":[{"embeddable":true,"href":"https:\/\/parafiadobieszewo.pl\/index.php\/wp-json\/wp\/v2\/users\/3"}],"replies":[{"embeddable":true,"href":"https:\/\/parafiadobieszewo.pl\/index.php\/wp-json\/wp\/v2\/comments?post=2708"}],"version-history":[{"count":2,"href":"https:\/\/parafiadobieszewo.pl\/index.php\/wp-json\/wp\/v2\/posts\/2708\/revisions"}],"predecessor-version":[{"id":2711,"href":"https:\/\/parafiadobieszewo.pl\/index.php\/wp-json\/wp\/v2\/posts\/2708\/revisions\/2711"}],"wp:attachment":[{"href":"https:\/\/parafiadobieszewo.pl\/index.php\/wp-json\/wp\/v2\/media?parent=2708"}],"wp:term":[{"taxonomy":"category","embeddable":true,"href":"https:\/\/parafiadobieszewo.pl\/index.php\/wp-json\/wp\/v2\/categories?post=2708"},{"taxonomy":"post_tag","embeddable":true,"href":"https:\/\/parafiadobieszewo.pl\/index.php\/wp-json\/wp\/v2\/tags?post=2708"}],"curies":[{"name":"wp","href":"https:\/\/api.w.org\/{rel}","templated":true}]}}