{"id":2723,"date":"2023-05-20T22:16:58","date_gmt":"2023-05-20T20:16:58","guid":{"rendered":"https:\/\/parafiadobieszewo.pl\/?p=2723"},"modified":"2023-06-03T13:52:58","modified_gmt":"2023-06-03T11:52:58","slug":"ogloszenia-duszpasterskie-niedziela-wniebowstapienia-panskiego-21-maja-2023-roku","status":"publish","type":"post","link":"https:\/\/parafiadobieszewo.pl\/index.php\/2023\/05\/20\/ogloszenia-duszpasterskie-niedziela-wniebowstapienia-panskiego-21-maja-2023-roku\/","title":{"rendered":"OG\u0141OSZENIA DUSZPASTERSKIE &#8211; NIEDZIELA WNIEBOWST\u0104PIENIA PA\u0143SKIEGO &#8211; 21 maja 2023 roku"},"content":{"rendered":"\n<ol class=\"wp-block-list\">\n<li>Obchodzimy dzi\u015b uroczysto\u015b\u0107 Wniebowst\u0105pienia Pa\u0144skiego, kt\u00f3ra ko\u0144czy 40-dniowy okres, gdy Pan Jezus po swoim Zmartwychwstaniu ukazywa\u0142 si\u0119 swoim uczniom. Jednak okres wielkanocny jeszcze trwa. Najbli\u017cszy tydzie\u0144 b\u0119dzie po\u015bwi\u0119cony przygotowaniom do uroczysto\u015bci Zes\u0142ania Ducha \u015awi\u0119tego i modlitwie o Ducha \u015awi\u0119tego. Nowenna przed Msz\u0105 \u015bw. wieczorn\u0105 w \u0142\u0105czno\u015bci z nabo\u017ce\u0144stwem majowym.<\/li>\n\n\n\n<li>W tym tygodniu Msze \u015bw. b\u0119d\u0105 odprawiana w poniedzia\u0142ek o godz.: 9:00, we wtorek, \u015brod\u0119 i pi\u0105tek o godz.: 18:00, w czwartek o godz.: 18:00 i 22:00, sobot\u0119 o godz.:17:00 w niedziel\u0119 o godz.: 9:00, 12:00 i 18:00.<br>W Warblewie, w niedziel\u0119 o godz.: 10:30.<\/li>\n\n\n\n<li>We wtorek od 16:30 do 17:30 \u2013 wystawienie Naj\u015bwi\u0119tszego Sakramentu \u2013 w tym czasie zach\u0119cam do skorzystania z Sakramentu Pokuty i Pojednania.<\/li>\n\n\n\n<li>W \u015brod\u0119 24 maja po Mszy \u015bw. o godz.: 18:00 &#8211; Rycerstwo Niepokalanej po\u0142\u0105czone z Nabo\u017ce\u0144stwem R\u00f3\u017ca\u0144ca \u015bw. i P\u0142aszcza Matki Bo\u017cej z Guadalupe.<\/li>\n\n\n\n<li>W czwartek 25 maja od 23:00 do 24:00 \u2013 Godzina \u015awi\u0119ta.<\/li>\n\n\n\n<li>Pierwsze spotkanie doros\u0142ych kandydat\u00f3w do parafialnego wolontariatu odb\u0119dzie si\u0119 w czwartek 25 maja na godz.: 19:00.<\/li>\n\n\n\n<li>Biuro parafialne w tym tygodniu b\u0119dzie czynne w pi\u0105tek 26 maja od 19:00 do 20:00.<\/li>\n\n\n\n<li>Spotkanie wolontariuszy odb\u0119dzie si\u0119 w sobot\u0119 27 maja na godz.: 18:00.<\/li>\n\n\n\n<li>Dzi\u0119kuj\u0119 wszystkim, kt\u00f3rzy przyczynili si\u0119 do u\u015bwietnienia tegorocznej uroczysto\u015bci pierwszej komunii \u015bwi\u0119tej \u2013 wszystkim za zaanga\u017cowanie niech Pan Jezus hojnie b\u0142ogos\u0142awi.<\/li>\n\n\n\n<li>W uroczysto\u015b\u0107 Zes\u0142ania Ducha \u015awi\u0119tego 28 maja \u2013 zapraszam na Wiecz\u00f3r Uwielbienia po Mszy \u015bw. o godz. 18:00.<\/li>\n\n\n\n<li>Dzi\u0119kuj\u0119 za posprz\u0105tanie ko\u015bcio\u0142a rodzinom pa\u0144stwa: Bernadety Medwid, Justyny Malkiewicz, Hanny Szczepaniak. Prosz\u0119 o posprz\u0105tanie ko\u015bcio\u0142a rodziny pa\u0144stwa: El\u017cbiety \u017buk i Agnieszki Wojnickiej w sobot\u0119 3 czerwca na godz. 11:00.<\/li>\n\n\n\n<li>W sobot\u0119 3 czerwca odbywa si\u0119 Diecezjalna Pielgrzymka Apostolatu Matki Bo\u017cej Pielgrzymuj\u0105cej na G\u00f3r\u0119 Che\u0142msk\u0105 \u2013 prosimy o zg\u0142aszanie si\u0119 os\u00f3b zainteresowanych do wzi\u0119cia udzia\u0142u w spotkaniu do dnia 27 maja \u2013 zg\u0142oszenia przyjmuj\u0105 opiekunowie poszczeg\u00f3lnych kr\u0119g\u00f3w. Dojazd na spotkanie we w\u0142asnym zakresie.<br>PLAN SPOTKANIA:<\/li>\n<\/ol>\n\n\n\n<ul class=\"wp-block-list\">\n<li>o godz.: 10:00 \u2013 R\u00f3\u017caniec,<\/li>\n\n\n\n<li>o godz.: 11:00 \u2013 Konferencja<\/li>\n\n\n\n<li>o godz.: 12:00 \u2013 Msza \u015bw.<br>Siostra Celina serdecznie zaprasza!<\/li>\n<\/ul>\n\n\n\n<p>Z naszej rodziny parafialnej odszed\u0142 do wieczno\u015bci \u015bp. Miros\u0142aw Drzewiecki ze Starnic. Pole\u0107my zmar\u0142ego Bo\u017cemu Mi\u0142osierdziu. Dobry Jezu\u2026.<\/p>\n\n\n\n<ol class=\"wp-block-list\"><\/ol>\n","protected":false},"excerpt":{"rendered":"<p>Z naszej rodziny parafialnej odszed\u0142 do wieczno\u015bci \u015bp. Miros\u0142aw Drzewiecki ze Starnic. Pole\u0107my zmar\u0142ego Bo\u017cemu Mi\u0142osierdziu. Dobry Jezu\u2026.<\/p>\n","protected":false},"author":3,"featured_media":0,"comment_status":"closed","ping_status":"open","sticky":false,"template":"","format":"standard","meta":{"footnotes":""},"categories":[7],"tags":[],"class_list":["post-2723","post","type-post","status-publish","format-standard","hentry","category-ogloszenia"],"_links":{"self":[{"href":"https:\/\/parafiadobieszewo.pl\/index.php\/wp-json\/wp\/v2\/posts\/2723","targetHints":{"allow":["GET"]}}],"collection":[{"href":"https:\/\/parafiadobieszewo.pl\/index.php\/wp-json\/wp\/v2\/posts"}],"about":[{"href":"https:\/\/parafiadobieszewo.pl\/index.php\/wp-json\/wp\/v2\/types\/post"}],"author":[{"embeddable":true,"href":"https:\/\/parafiadobieszewo.pl\/index.php\/wp-json\/wp\/v2\/users\/3"}],"replies":[{"embeddable":true,"href":"https:\/\/parafiadobieszewo.pl\/index.php\/wp-json\/wp\/v2\/comments?post=2723"}],"version-history":[{"count":3,"href":"https:\/\/parafiadobieszewo.pl\/index.php\/wp-json\/wp\/v2\/posts\/2723\/revisions"}],"predecessor-version":[{"id":2753,"href":"https:\/\/parafiadobieszewo.pl\/index.php\/wp-json\/wp\/v2\/posts\/2723\/revisions\/2753"}],"wp:attachment":[{"href":"https:\/\/parafiadobieszewo.pl\/index.php\/wp-json\/wp\/v2\/media?parent=2723"}],"wp:term":[{"taxonomy":"category","embeddable":true,"href":"https:\/\/parafiadobieszewo.pl\/index.php\/wp-json\/wp\/v2\/categories?post=2723"},{"taxonomy":"post_tag","embeddable":true,"href":"https:\/\/parafiadobieszewo.pl\/index.php\/wp-json\/wp\/v2\/tags?post=2723"}],"curies":[{"name":"wp","href":"https:\/\/api.w.org\/{rel}","templated":true}]}}