{"id":2729,"date":"2023-05-23T22:40:52","date_gmt":"2023-05-23T20:40:52","guid":{"rendered":"https:\/\/parafiadobieszewo.pl\/?p=2729"},"modified":"2023-05-23T22:41:47","modified_gmt":"2023-05-23T20:41:47","slug":"nabozenstwo","status":"publish","type":"post","link":"https:\/\/parafiadobieszewo.pl\/index.php\/2023\/05\/23\/nabozenstwo\/","title":{"rendered":"Nabo\u017ce\u0144stwo"},"content":{"rendered":"\n<div class=\"wp-block-media-text alignwide is-stacked-on-mobile\"><figure class=\"wp-block-media-text__media\"><video controls src=\"https:\/\/parafiadobieszewo.pl\/wp-content\/uploads\/2023\/05\/VID-20230523-WA0003.mp4\"><\/video><\/figure><div class=\"wp-block-media-text__content\">\n<p>W \u015brod\u0119, 24 maja po Mszy \u015bw. o godz .: 18:00 Nabo\u017ce\u0144stwo R\u00f3\u017ca\u0144ca \u015awi\u0119tego i P\u0142aszcza Matki Bo\u017cej z Guadalupe w po\u0142\u0105czeniu z Rycerstwem Niepokalanej<\/p>\n<\/div><\/div>\n","protected":false},"excerpt":{"rendered":"<p>W \u015brod\u0119, 24 maja po Mszy \u015bw. o godz .: 18:00 Nabo\u017ce\u0144stwo R\u00f3\u017ca\u0144ca \u015awi\u0119tego i P\u0142aszcza Matki Bo\u017cej z Guadalupe w po\u0142\u0105czeniu z Rycerstwem Niepokalanej<\/p>\n","protected":false},"author":3,"featured_media":0,"comment_status":"closed","ping_status":"open","sticky":false,"template":"","format":"standard","meta":{"footnotes":""},"categories":[4],"tags":[],"class_list":["post-2729","post","type-post","status-publish","format-standard","hentry","category-aktualnosci"],"_links":{"self":[{"href":"https:\/\/parafiadobieszewo.pl\/index.php\/wp-json\/wp\/v2\/posts\/2729","targetHints":{"allow":["GET"]}}],"collection":[{"href":"https:\/\/parafiadobieszewo.pl\/index.php\/wp-json\/wp\/v2\/posts"}],"about":[{"href":"https:\/\/parafiadobieszewo.pl\/index.php\/wp-json\/wp\/v2\/types\/post"}],"author":[{"embeddable":true,"href":"https:\/\/parafiadobieszewo.pl\/index.php\/wp-json\/wp\/v2\/users\/3"}],"replies":[{"embeddable":true,"href":"https:\/\/parafiadobieszewo.pl\/index.php\/wp-json\/wp\/v2\/comments?post=2729"}],"version-history":[{"count":2,"href":"https:\/\/parafiadobieszewo.pl\/index.php\/wp-json\/wp\/v2\/posts\/2729\/revisions"}],"predecessor-version":[{"id":2732,"href":"https:\/\/parafiadobieszewo.pl\/index.php\/wp-json\/wp\/v2\/posts\/2729\/revisions\/2732"}],"wp:attachment":[{"href":"https:\/\/parafiadobieszewo.pl\/index.php\/wp-json\/wp\/v2\/media?parent=2729"}],"wp:term":[{"taxonomy":"category","embeddable":true,"href":"https:\/\/parafiadobieszewo.pl\/index.php\/wp-json\/wp\/v2\/categories?post=2729"},{"taxonomy":"post_tag","embeddable":true,"href":"https:\/\/parafiadobieszewo.pl\/index.php\/wp-json\/wp\/v2\/tags?post=2729"}],"curies":[{"name":"wp","href":"https:\/\/api.w.org\/{rel}","templated":true}]}}