{"id":2733,"date":"2023-05-27T22:23:14","date_gmt":"2023-05-27T20:23:14","guid":{"rendered":"https:\/\/parafiadobieszewo.pl\/?p=2733"},"modified":"2023-05-27T22:23:14","modified_gmt":"2023-05-27T20:23:14","slug":"ogloszenia-duszpasterskie-niedziela-zeslania-ducha-swietego-28-maja-2023-roku","status":"publish","type":"post","link":"https:\/\/parafiadobieszewo.pl\/index.php\/2023\/05\/27\/ogloszenia-duszpasterskie-niedziela-zeslania-ducha-swietego-28-maja-2023-roku\/","title":{"rendered":"OG\u0141OSZENIA DUSZPASTERSKIE &#8211; NIEDZIELA ZES\u0141ANIA DUCHA \u015aWI\u0118TEGO &#8211; 28 maja 2023 roku"},"content":{"rendered":"\n<ol class=\"wp-block-list\">\n<li>Dzisiaj obchodzimy uroczysto\u015b\u0107 Zes\u0142ania Ducha \u015awi\u0119tego \u2013 po Mszy \u015bw. o godz.: 18:00 \u2013 wiecz\u00f3r uwielbienia \u2013 zapraszam.<\/li>\n\n\n\n<li>W tym tygodniu Msze \u015bw. b\u0119d\u0105 odprawiana w poniedzia\u0142ek i wtorek o godz.: 9:00, \u015brod\u0119 o godz.: 18:00, w czwartek o godz.: 18:00 i 22:00, w pi\u0105tek o godz.: 18:30, w sobot\u0119 o godz.: 17:00 i 18:45, w niedziel\u0119 o godz.: 9:00, 12:00 i 18:00.<br>W Warblewie: w pi\u0105tek o godz.: 16:00; w niedziel\u0119 o godz.: 10:30.<\/li>\n\n\n\n<li>Biuro parafialne w tym tygodniu b\u0119dzie czynne w \u015brod\u0119 31 maja od 20:00 do 21:00.<\/li>\n\n\n\n<li>W \u015brod\u0119 31 maja o godz.: 17:00 &#8211; Rycerstwo Niepokalanej po\u0142\u0105czone z nabo\u017ce\u0144stwem majowym. Po Mszy \u015bw. wystawienie Naj\u015bwi\u0119tszego Sakramentu i odnowienie aktu Niewolnictwa Jezusowi przez Maryj\u0119 (odnowimy akt niewolnictwa w ciszy ka\u017cdy we w\u0142asnym zakresie).<br>W \u015brod\u0119 od godz.: 17:00 do 18:00 mo\u017cliwo\u015b\u0107 skorzystania z sakramentu pokuty i pojednania<\/li>\n\n\n\n<li>W tym tygodniu przypadaj\u0105 dni eucharystyczne: <strong>I czwartek miesi\u0105ca<\/strong> \u2013 modlimy si\u0119 o nowe \u015bwi\u0119te powo\u0142ania kap\u0142a\u0144skie, zakonne i misyjne; <strong>I pi\u0105tek miesi\u0105ca<\/strong> \u2013 spowied\u017a \u015bw. w Warblewie o godz.: 15:45 nast\u0119pnie Msza \u015bw. pierwszopi\u0105tkowa o godz.: 16:00 i w Dobieszewie spowied\u017a \u015bw. od godz.: 17:15 do 18:15, o godz.:18:15 litania z aktem oddania si\u0119 Naj\u015bwi\u0119tszemu Sercu Pana Jezusa i o godz.: 18:30 &#8211; Msza \u015bw.;<strong> I sobota miesi\u0105ca<\/strong> \u2013 o godz.: 18:00 rozpoczniemy Nabo\u017ce\u0144stwo pierwszych pi\u0119ciu sob\u00f3t miesi\u0105ca, kt\u00f3re zako\u0144czy si\u0119 Eucharysti\u0105 wynagradzaj\u0105c\u0105 Niepokalanemu Sercu Maryi.<\/li>\n<\/ol>\n\n\n\n<p><strong>Chorych z pos\u0142ug\u0105 sakramentaln\u0105 odwiedz\u0119 w pi\u0105tek 2 czerwca od godz. 11:00.<\/strong><\/p>\n\n\n\n<ol class=\"wp-block-list\" start=\"6\">\n<li>W czwartek 1 czerwca od 23:00 do 24:00 \u2013 Godzina \u015awi\u0119ta.<\/li>\n\n\n\n<li>W czwartek 8 czerwca odb\u0119dzie si\u0119 uroczysto\u015b\u0107 Bo\u017cego Cia\u0142a. Msza \u015bw. z procesj\u0105 o godz.: 11:00. W poniedzia\u0142ek 5 czerwca na godzin\u0119 19:00 zapraszam m\u0119\u017cczyzn z poszczeg\u00f3lnych miejscowo\u015bci do ustawienia o\u0142tarzy.<\/li>\n\n\n\n<li>Spotkanie doros\u0142ych wolontariuszy odb\u0119dzie si\u0119 w sobot\u0119 10 czerwca po Mszy \u015bw. o godz. 17:00.<\/li>\n\n\n\n<li>Prosz\u0119 o posprz\u0105tanie ko\u015bcio\u0142a rodziny pa\u0144stwa: El\u017cbiety \u017buk i Agnieszki Wojnickiej w sobot\u0119 3 czerwca na godz. 11:00.<\/li>\n\n\n\n<li>Od 5 do 19 czerwca po ka\u017cdej Mszy \u015bw. b\u0119d\u0119 zapisywa\u0142 na piesz\u0105 pielgrzymk\u0119 z D\u0105bia do Dobieszewa 1 lipca. (imi\u0119, nazwisko, data urodzenia, wpisowe 30 z\u0142)<\/li>\n<\/ol>\n","protected":false},"excerpt":{"rendered":"<p>Chorych z pos\u0142ug\u0105 sakramentaln\u0105 odwiedz\u0119 w pi\u0105tek 2 czerwca od godz. 11:00.<\/p>\n","protected":false},"author":3,"featured_media":0,"comment_status":"closed","ping_status":"open","sticky":false,"template":"","format":"standard","meta":{"footnotes":""},"categories":[7],"tags":[],"class_list":["post-2733","post","type-post","status-publish","format-standard","hentry","category-ogloszenia"],"_links":{"self":[{"href":"https:\/\/parafiadobieszewo.pl\/index.php\/wp-json\/wp\/v2\/posts\/2733","targetHints":{"allow":["GET"]}}],"collection":[{"href":"https:\/\/parafiadobieszewo.pl\/index.php\/wp-json\/wp\/v2\/posts"}],"about":[{"href":"https:\/\/parafiadobieszewo.pl\/index.php\/wp-json\/wp\/v2\/types\/post"}],"author":[{"embeddable":true,"href":"https:\/\/parafiadobieszewo.pl\/index.php\/wp-json\/wp\/v2\/users\/3"}],"replies":[{"embeddable":true,"href":"https:\/\/parafiadobieszewo.pl\/index.php\/wp-json\/wp\/v2\/comments?post=2733"}],"version-history":[{"count":1,"href":"https:\/\/parafiadobieszewo.pl\/index.php\/wp-json\/wp\/v2\/posts\/2733\/revisions"}],"predecessor-version":[{"id":2734,"href":"https:\/\/parafiadobieszewo.pl\/index.php\/wp-json\/wp\/v2\/posts\/2733\/revisions\/2734"}],"wp:attachment":[{"href":"https:\/\/parafiadobieszewo.pl\/index.php\/wp-json\/wp\/v2\/media?parent=2733"}],"wp:term":[{"taxonomy":"category","embeddable":true,"href":"https:\/\/parafiadobieszewo.pl\/index.php\/wp-json\/wp\/v2\/categories?post=2733"},{"taxonomy":"post_tag","embeddable":true,"href":"https:\/\/parafiadobieszewo.pl\/index.php\/wp-json\/wp\/v2\/tags?post=2733"}],"curies":[{"name":"wp","href":"https:\/\/api.w.org\/{rel}","templated":true}]}}