{"id":2837,"date":"2023-07-16T00:37:25","date_gmt":"2023-07-15T22:37:25","guid":{"rendered":"https:\/\/parafiadobieszewo.pl\/?p=2837"},"modified":"2023-07-16T00:37:25","modified_gmt":"2023-07-15T22:37:25","slug":"dofinansowanie","status":"publish","type":"post","link":"https:\/\/parafiadobieszewo.pl\/index.php\/2023\/07\/16\/dofinansowanie\/","title":{"rendered":"Dofinansowanie"},"content":{"rendered":"\n<div class=\"wp-block-media-text alignwide is-stacked-on-mobile is-vertically-aligned-top\"><figure class=\"wp-block-media-text__media\"><img loading=\"lazy\" decoding=\"async\" width=\"1024\" height=\"782\" src=\"https:\/\/parafiadobieszewo.pl\/wp-content\/uploads\/2023\/07\/dotacja-1024x782.jpg\" alt=\"\" class=\"wp-image-2838 size-full\" srcset=\"https:\/\/parafiadobieszewo.pl\/wp-content\/uploads\/2023\/07\/dotacja-1024x782.jpg 1024w, https:\/\/parafiadobieszewo.pl\/wp-content\/uploads\/2023\/07\/dotacja-300x229.jpg 300w, https:\/\/parafiadobieszewo.pl\/wp-content\/uploads\/2023\/07\/dotacja-768x586.jpg 768w, https:\/\/parafiadobieszewo.pl\/wp-content\/uploads\/2023\/07\/dotacja.jpg 1415w\" sizes=\"auto, (max-width: 767px) 89vw, (max-width: 1000px) 54vw, (max-width: 1071px) 543px, 580px\" \/><\/figure><div class=\"wp-block-media-text__content\">\n<p><\/p>\n\n\n\n<p><\/p>\n\n\n\n<p>Dzi\u0119kuj\u0119 bardzo wszystkim, kt\u00f3rzy przyczynili si\u0119 do realizacji tego celu.<\/p>\n<\/div><\/div>\n","protected":false},"excerpt":{"rendered":"<p>Dzi\u0119kuj\u0119 bardzo wszystkim, kt\u00f3rzy przyczynili si\u0119 do realizacji tego celu.<\/p>\n","protected":false},"author":3,"featured_media":0,"comment_status":"closed","ping_status":"open","sticky":false,"template":"","format":"standard","meta":{"footnotes":""},"categories":[4],"tags":[],"class_list":["post-2837","post","type-post","status-publish","format-standard","hentry","category-aktualnosci"],"_links":{"self":[{"href":"https:\/\/parafiadobieszewo.pl\/index.php\/wp-json\/wp\/v2\/posts\/2837","targetHints":{"allow":["GET"]}}],"collection":[{"href":"https:\/\/parafiadobieszewo.pl\/index.php\/wp-json\/wp\/v2\/posts"}],"about":[{"href":"https:\/\/parafiadobieszewo.pl\/index.php\/wp-json\/wp\/v2\/types\/post"}],"author":[{"embeddable":true,"href":"https:\/\/parafiadobieszewo.pl\/index.php\/wp-json\/wp\/v2\/users\/3"}],"replies":[{"embeddable":true,"href":"https:\/\/parafiadobieszewo.pl\/index.php\/wp-json\/wp\/v2\/comments?post=2837"}],"version-history":[{"count":1,"href":"https:\/\/parafiadobieszewo.pl\/index.php\/wp-json\/wp\/v2\/posts\/2837\/revisions"}],"predecessor-version":[{"id":2839,"href":"https:\/\/parafiadobieszewo.pl\/index.php\/wp-json\/wp\/v2\/posts\/2837\/revisions\/2839"}],"wp:attachment":[{"href":"https:\/\/parafiadobieszewo.pl\/index.php\/wp-json\/wp\/v2\/media?parent=2837"}],"wp:term":[{"taxonomy":"category","embeddable":true,"href":"https:\/\/parafiadobieszewo.pl\/index.php\/wp-json\/wp\/v2\/categories?post=2837"},{"taxonomy":"post_tag","embeddable":true,"href":"https:\/\/parafiadobieszewo.pl\/index.php\/wp-json\/wp\/v2\/tags?post=2837"}],"curies":[{"name":"wp","href":"https:\/\/api.w.org\/{rel}","templated":true}]}}