{"id":2851,"date":"2023-07-22T22:39:07","date_gmt":"2023-07-22T20:39:07","guid":{"rendered":"https:\/\/parafiadobieszewo.pl\/?p=2851"},"modified":"2023-07-22T22:39:07","modified_gmt":"2023-07-22T20:39:07","slug":"ogloszenia-duszpasterskie-xvi-niedziela-zwykla-23-lipca-2023-roku","status":"publish","type":"post","link":"https:\/\/parafiadobieszewo.pl\/index.php\/2023\/07\/22\/ogloszenia-duszpasterskie-xvi-niedziela-zwykla-23-lipca-2023-roku\/","title":{"rendered":"OG\u0141OSZENIA DUSZPASTERSKIE &#8211; XVI NIEDZIELA ZWYK\u0141A &#8211; 23 lipca 2023 roku"},"content":{"rendered":"\n<ol class=\"wp-block-list\">\n<li>W tym tygodniu b\u0119d\u0105 odprawiane Msze \u015bwi\u0119te w poniedzia\u0142ek o godz.: 9:00, od wtorku do pi\u0105tku o godz.: 19:00, w sobot\u0119 o godz.: 17:00, w niedziel\u0119 o godz.: 9:00 i 12:00 oraz w Warblewie o godz.: 10:30.<\/li>\n\n\n\n<li>W nast\u0119pn\u0105 niedziel\u0119 &#8211; b\u0142ogos\u0142awie\u0144stwo kierowc\u00f3w i ich pojazd\u00f3w po ka\u017cdej Mszy \u015bw. Ofiary sk\u0142adane podczas \u015bwi\u0119cenia pojazd\u00f3w b\u0119d\u0105 przeznaczone na misje.<\/li>\n\n\n\n<li>W tym tygodniu nie b\u0119dzie Godziny \u015awi\u0119tej i Rycerstwa Niepokalanej.<\/li>\n\n\n\n<li>Dzi\u0119kuje za posprz\u0105tanie ko\u015bcio\u0142a rodzinom: p. Wiolety Mieczkowskiej i p. Agnieszki Nawackiej. Prosz\u0119 o posprz\u0105tanie ko\u015bcio\u0142a rodziny: p. Ewy \u0141ykus i p. Beaty Adamczyk w sobot\u0119 5 sierpnia na godz. 11:00.<\/li>\n\n\n\n<li>Bardzo prosz\u0119 o pilny kontakt osoby, kt\u00f3re maj\u0105 zam\u00f3wion\u0105 intencj\u0119 na \u015brod\u0119 2 sierpnia.<\/li>\n<\/ol>\n","protected":false},"excerpt":{"rendered":"","protected":false},"author":3,"featured_media":0,"comment_status":"closed","ping_status":"open","sticky":false,"template":"","format":"standard","meta":{"footnotes":""},"categories":[7],"tags":[],"class_list":["post-2851","post","type-post","status-publish","format-standard","hentry","category-ogloszenia"],"_links":{"self":[{"href":"https:\/\/parafiadobieszewo.pl\/index.php\/wp-json\/wp\/v2\/posts\/2851","targetHints":{"allow":["GET"]}}],"collection":[{"href":"https:\/\/parafiadobieszewo.pl\/index.php\/wp-json\/wp\/v2\/posts"}],"about":[{"href":"https:\/\/parafiadobieszewo.pl\/index.php\/wp-json\/wp\/v2\/types\/post"}],"author":[{"embeddable":true,"href":"https:\/\/parafiadobieszewo.pl\/index.php\/wp-json\/wp\/v2\/users\/3"}],"replies":[{"embeddable":true,"href":"https:\/\/parafiadobieszewo.pl\/index.php\/wp-json\/wp\/v2\/comments?post=2851"}],"version-history":[{"count":1,"href":"https:\/\/parafiadobieszewo.pl\/index.php\/wp-json\/wp\/v2\/posts\/2851\/revisions"}],"predecessor-version":[{"id":2852,"href":"https:\/\/parafiadobieszewo.pl\/index.php\/wp-json\/wp\/v2\/posts\/2851\/revisions\/2852"}],"wp:attachment":[{"href":"https:\/\/parafiadobieszewo.pl\/index.php\/wp-json\/wp\/v2\/media?parent=2851"}],"wp:term":[{"taxonomy":"category","embeddable":true,"href":"https:\/\/parafiadobieszewo.pl\/index.php\/wp-json\/wp\/v2\/categories?post=2851"},{"taxonomy":"post_tag","embeddable":true,"href":"https:\/\/parafiadobieszewo.pl\/index.php\/wp-json\/wp\/v2\/tags?post=2851"}],"curies":[{"name":"wp","href":"https:\/\/api.w.org\/{rel}","templated":true}]}}