{"id":2859,"date":"2023-07-29T11:18:26","date_gmt":"2023-07-29T09:18:26","guid":{"rendered":"https:\/\/parafiadobieszewo.pl\/?p=2859"},"modified":"2023-07-29T11:18:26","modified_gmt":"2023-07-29T09:18:26","slug":"ogloszenia-duszpasterskie-xvii-niedziela-zwykla-30-lipca-2023-roku","status":"publish","type":"post","link":"https:\/\/parafiadobieszewo.pl\/index.php\/2023\/07\/29\/ogloszenia-duszpasterskie-xvii-niedziela-zwykla-30-lipca-2023-roku\/","title":{"rendered":"OG\u0141OSZENIA DUSZPASTERSKIE &#8211; XVII NIEDZIELA ZWYK\u0141A &#8211; 30 lipca 2023 roku"},"content":{"rendered":"\n<ol class=\"wp-block-list\">\n<li>W tym tygodniu b\u0119d\u0105 odprawiane Msze \u015bwi\u0119te w poniedzia\u0142ek i \u015brod\u0119 o 9:00, we wtorek o 18:00, w czwartek o 22:00, w pi\u0105tek o 18:30, w sobot\u0119 o godz.: 18:45, w niedziel\u0119 o godz.: 9:00 i 12:00.<br>W Warblewie Msze \u015bw. b\u0119d\u0105 odprawione w pi\u0105tek o godz.:16:00 i w niedziel\u0119 o godz.: 10:30.<\/li>\n\n\n\n<li>W dzisiejsz\u0105 niedziel\u0119 po ka\u017cdej Mszy \u015bw. b\u0142ogos\u0142awie\u0144stwo kierowc\u00f3w i ich pojazd\u00f3w. Ofiary sk\u0142adane podczas \u015bwi\u0119cenia pojazd\u00f3w b\u0119d\u0105 przeznaczone na misje.<\/li>\n\n\n\n<li>We wtorek 1 sierpie\u0144 od godz.: 17:00 do 17:50 adoracja Naj\u015bwi\u0119tszego Sakramentu z mo\u017cliwo\u015bci\u0105 spowiedzi \u015bwi\u0119tej \u2013 zapraszam.<\/li>\n\n\n\n<li>W tym tygodniu przypadaj\u0105 dni eucharystyczne: &#8211;<strong> I czwartek miesi\u0105ca<\/strong> \u2013 modlimy si\u0119 o nowe \u015bwi\u0119te powo\u0142ania kap\u0142a\u0144skie, zakonne i misyjne. &#8211; <strong>I pi\u0105tek miesi\u0105ca<\/strong> \u2013 spowied\u017a \u015bw. w Warblewie o godz.: 15:45 nast\u0119pnie Msza \u015bw. pierwszopi\u0105tkowa o godz.: 16:00 w Dobieszewie spowied\u017a \u015bw. od godz.: 17:15 do 18:15, o godz.:18:15 litania z aktem oddania si\u0119 Naj\u015bwi\u0119tszemu Sercu Pana Jezusa i o godz.: 18:30 &#8211; Msza \u015bw. ; &#8211;<strong>I sobota miesi\u0105ca<\/strong> \u2013 o godz.: 18:00 rozpoczniemy Nabo\u017ce\u0144stwo pierwszych pi\u0119ciu sob\u00f3t miesi\u0105ca, kt\u00f3re zako\u0144czy si\u0119 Eucharysti\u0105 wynagradzaj\u0105c\u0105 Niepokalanemu Sercu Maryi.<\/li>\n<\/ol>\n\n\n\n<p><strong>Chorych z pos\u0142ug\u0105 sakramentaln\u0105 odwiedz\u0119 w pi\u0105tek 4 sierpnia od godz. 11:00.<\/strong><\/p>\n\n\n\n<ol class=\"wp-block-list\" start=\"5\">\n<li>W tym tygodniu nie b\u0119dzie Rycerstwa Niepokalanej.<\/li>\n\n\n\n<li>Biuro parafialne czynne w czwartek 3 sierpnia od 19:00 \u2013 20:00.<\/li>\n\n\n\n<li>W czwartek Godzina \u015awi\u0119ta od 23:00 do 24:00 . Zapraszam.<\/li>\n\n\n\n<li>Zach\u0119cam do czytania prasy katolickiej.<\/li>\n\n\n\n<li>Prosz\u0119 o posprz\u0105tanie ko\u015bcio\u0142a rodziny: p. Ewy \u0141ykus i p. Beaty Adamczyk w sobot\u0119 5 sierpnia na godz. 11:00.<\/li>\n<\/ol>\n","protected":false},"excerpt":{"rendered":"<p>Chorych z pos\u0142ug\u0105 sakramentaln\u0105 odwiedz\u0119 w pi\u0105tek 4 sierpnia od godz. 11:00.<\/p>\n","protected":false},"author":3,"featured_media":0,"comment_status":"closed","ping_status":"open","sticky":false,"template":"","format":"standard","meta":{"footnotes":""},"categories":[4],"tags":[],"class_list":["post-2859","post","type-post","status-publish","format-standard","hentry","category-aktualnosci"],"_links":{"self":[{"href":"https:\/\/parafiadobieszewo.pl\/index.php\/wp-json\/wp\/v2\/posts\/2859","targetHints":{"allow":["GET"]}}],"collection":[{"href":"https:\/\/parafiadobieszewo.pl\/index.php\/wp-json\/wp\/v2\/posts"}],"about":[{"href":"https:\/\/parafiadobieszewo.pl\/index.php\/wp-json\/wp\/v2\/types\/post"}],"author":[{"embeddable":true,"href":"https:\/\/parafiadobieszewo.pl\/index.php\/wp-json\/wp\/v2\/users\/3"}],"replies":[{"embeddable":true,"href":"https:\/\/parafiadobieszewo.pl\/index.php\/wp-json\/wp\/v2\/comments?post=2859"}],"version-history":[{"count":1,"href":"https:\/\/parafiadobieszewo.pl\/index.php\/wp-json\/wp\/v2\/posts\/2859\/revisions"}],"predecessor-version":[{"id":2860,"href":"https:\/\/parafiadobieszewo.pl\/index.php\/wp-json\/wp\/v2\/posts\/2859\/revisions\/2860"}],"wp:attachment":[{"href":"https:\/\/parafiadobieszewo.pl\/index.php\/wp-json\/wp\/v2\/media?parent=2859"}],"wp:term":[{"taxonomy":"category","embeddable":true,"href":"https:\/\/parafiadobieszewo.pl\/index.php\/wp-json\/wp\/v2\/categories?post=2859"},{"taxonomy":"post_tag","embeddable":true,"href":"https:\/\/parafiadobieszewo.pl\/index.php\/wp-json\/wp\/v2\/tags?post=2859"}],"curies":[{"name":"wp","href":"https:\/\/api.w.org\/{rel}","templated":true}]}}