{"id":329,"date":"2019-10-06T20:47:33","date_gmt":"2019-10-06T18:47:33","guid":{"rendered":"https:\/\/parafiadobieszewo.pl\/?p=329"},"modified":"2019-10-06T20:47:33","modified_gmt":"2019-10-06T18:47:33","slug":"7-pazdziernika-odpust-w-naszej-parafii-matki-bozej-rozancowej","status":"publish","type":"post","link":"https:\/\/parafiadobieszewo.pl\/index.php\/2019\/10\/06\/7-pazdziernika-odpust-w-naszej-parafii-matki-bozej-rozancowej\/","title":{"rendered":"7 pa\u017adziernika, odpust w naszej parafii                         &#8211; Matki Bo\u017cej R\u00f3\u017ca\u0144cowej"},"content":{"rendered":"\n<p class=\"has-background has-luminous-vivid-amber-background-color\">Msza \u015bw. z aktem zawierzenia naszej parafii Naj\u015bwi\u0119tszej Maryi Pannie o\ngodz. 17:00 \u2013 zapraszam serdecznie wszystkich parafian<\/p>\n","protected":false},"excerpt":{"rendered":"<p>Msza \u015bw. z aktem zawierzenia naszej parafii Naj\u015bwi\u0119tszej Maryi Pannie o godz. 17:00 \u2013 zapraszam serdecznie wszystkich parafian<\/p>\n","protected":false},"author":3,"featured_media":0,"comment_status":"closed","ping_status":"open","sticky":false,"template":"","format":"standard","meta":{"footnotes":""},"categories":[4],"tags":[],"class_list":["post-329","post","type-post","status-publish","format-standard","hentry","category-aktualnosci"],"_links":{"self":[{"href":"https:\/\/parafiadobieszewo.pl\/index.php\/wp-json\/wp\/v2\/posts\/329","targetHints":{"allow":["GET"]}}],"collection":[{"href":"https:\/\/parafiadobieszewo.pl\/index.php\/wp-json\/wp\/v2\/posts"}],"about":[{"href":"https:\/\/parafiadobieszewo.pl\/index.php\/wp-json\/wp\/v2\/types\/post"}],"author":[{"embeddable":true,"href":"https:\/\/parafiadobieszewo.pl\/index.php\/wp-json\/wp\/v2\/users\/3"}],"replies":[{"embeddable":true,"href":"https:\/\/parafiadobieszewo.pl\/index.php\/wp-json\/wp\/v2\/comments?post=329"}],"version-history":[{"count":1,"href":"https:\/\/parafiadobieszewo.pl\/index.php\/wp-json\/wp\/v2\/posts\/329\/revisions"}],"predecessor-version":[{"id":330,"href":"https:\/\/parafiadobieszewo.pl\/index.php\/wp-json\/wp\/v2\/posts\/329\/revisions\/330"}],"wp:attachment":[{"href":"https:\/\/parafiadobieszewo.pl\/index.php\/wp-json\/wp\/v2\/media?parent=329"}],"wp:term":[{"taxonomy":"category","embeddable":true,"href":"https:\/\/parafiadobieszewo.pl\/index.php\/wp-json\/wp\/v2\/categories?post=329"},{"taxonomy":"post_tag","embeddable":true,"href":"https:\/\/parafiadobieszewo.pl\/index.php\/wp-json\/wp\/v2\/tags?post=329"}],"curies":[{"name":"wp","href":"https:\/\/api.w.org\/{rel}","templated":true}]}}