{"id":342,"date":"2020-06-06T22:27:00","date_gmt":"2020-06-06T20:27:00","guid":{"rendered":"https:\/\/parafiadobieszewo.pl\/?p=342"},"modified":"2020-06-06T23:56:43","modified_gmt":"2020-06-06T21:56:43","slug":"13-dzien-miesiaca-dzien-objawien-matki-bozej-w-fatimie","status":"publish","type":"post","link":"https:\/\/parafiadobieszewo.pl\/index.php\/2020\/06\/06\/13-dzien-miesiaca-dzien-objawien-matki-bozej-w-fatimie\/","title":{"rendered":"13 dzie\u0144 miesi\u0105ca &#8211; dzie\u0144 objawie\u0144 Matki Bo\u017cej w Fatimie"},"content":{"rendered":"\n<p class=\"has-background has-pale-cyan-blue-background-color\">Zapraszamy w czerwcu  parafian  na wspomnienie dnia objawie\u0144 Matki Bo\u017cej w Fatimie, po Mszy \u015bw. o 19:00 odb\u0119dzie si\u0119 r\u00f3\u017caniec z procesj\u0105 fatimsk\u0105 \u2013\u00a0 <em>prosimy o zabranie \u015bwiec<\/em>.<\/p>\n","protected":false},"excerpt":{"rendered":"<p>Zapraszamy w czerwcu parafian na wspomnienie dnia objawie\u0144 Matki Bo\u017cej w Fatimie, po Mszy \u015bw. o 19:00 odb\u0119dzie si\u0119 r\u00f3\u017caniec z procesj\u0105 fatimsk\u0105 \u2013\u00a0 prosimy o zabranie \u015bwiec.<\/p>\n","protected":false},"author":3,"featured_media":0,"comment_status":"closed","ping_status":"open","sticky":false,"template":"","format":"standard","meta":{"footnotes":""},"categories":[4],"tags":[],"class_list":["post-342","post","type-post","status-publish","format-standard","hentry","category-aktualnosci"],"_links":{"self":[{"href":"https:\/\/parafiadobieszewo.pl\/index.php\/wp-json\/wp\/v2\/posts\/342","targetHints":{"allow":["GET"]}}],"collection":[{"href":"https:\/\/parafiadobieszewo.pl\/index.php\/wp-json\/wp\/v2\/posts"}],"about":[{"href":"https:\/\/parafiadobieszewo.pl\/index.php\/wp-json\/wp\/v2\/types\/post"}],"author":[{"embeddable":true,"href":"https:\/\/parafiadobieszewo.pl\/index.php\/wp-json\/wp\/v2\/users\/3"}],"replies":[{"embeddable":true,"href":"https:\/\/parafiadobieszewo.pl\/index.php\/wp-json\/wp\/v2\/comments?post=342"}],"version-history":[{"count":6,"href":"https:\/\/parafiadobieszewo.pl\/index.php\/wp-json\/wp\/v2\/posts\/342\/revisions"}],"predecessor-version":[{"id":891,"href":"https:\/\/parafiadobieszewo.pl\/index.php\/wp-json\/wp\/v2\/posts\/342\/revisions\/891"}],"wp:attachment":[{"href":"https:\/\/parafiadobieszewo.pl\/index.php\/wp-json\/wp\/v2\/media?parent=342"}],"wp:term":[{"taxonomy":"category","embeddable":true,"href":"https:\/\/parafiadobieszewo.pl\/index.php\/wp-json\/wp\/v2\/categories?post=342"},{"taxonomy":"post_tag","embeddable":true,"href":"https:\/\/parafiadobieszewo.pl\/index.php\/wp-json\/wp\/v2\/tags?post=342"}],"curies":[{"name":"wp","href":"https:\/\/api.w.org\/{rel}","templated":true}]}}