{"id":356,"date":"2019-10-21T22:33:51","date_gmt":"2019-10-21T20:33:51","guid":{"rendered":"https:\/\/parafiadobieszewo.pl\/?p=356"},"modified":"2019-10-22T10:04:22","modified_gmt":"2019-10-22T08:04:22","slug":"listopad-miesiac-zadumy","status":"publish","type":"post","link":"https:\/\/parafiadobieszewo.pl\/index.php\/2019\/10\/21\/listopad-miesiac-zadumy\/","title":{"rendered":"LISTOPAD &#8211; miesi\u0105c zadumy"},"content":{"rendered":"\n<p>            Miesi\u0105c LISTOPAD jest miesi\u0105cem szczeg\u00f3lnej zadumy nad naszym \u017cyciem, przemijaniem i czekaj\u0105c\u0105 nas wieczno\u015bci\u0105. Jest r\u00f3wnie\u017c dla nas katolik\u00f3w miesi\u0105cem modlitwy w intencji wszystkich zmar\u0142ych.<\/p>\n\n\n\n<p>\u015awi\u0119ty Jan\nPawe\u0142 II m\u00f3wi\u0142, \u017ce\u201d modlitwa za zmar\u0142ych jest wa\u017cn\u0105 powinno\u015bci\u0105, bowiem nawet\nje\u015bli odeszli w \u0142asce i przyja\u017ani z Bogiem, by\u0107 mo\u017ce potrzebuj\u0105 jeszcze\nostatniego oczyszczenia, by dost\u0105pi\u0107 rado\u015bci nieba. [\u2026] Niech Maryja, Brama\nNiebios, pomo\u017ce nam , by\u015bmy nigdy nie zapomnieli i nie stracili z oczu Ojczyzny\nNiebieskiej, ostatecznego celu naszego pielgrzymowania tu, na ziemi\u201d.<\/p>\n\n\n\n<p>Skorzystajmy wi\u0119c z \u0142aski jak\u0105 obdarza nas ko\u015bci\u00f3\u0142 daj\u0105c nam mo\u017cliwo\u015bci\u00a0 modlitwy \u2013 wypominek.<\/p>\n\n\n\n<div class=\"wp-block-file\"><a href=\"https:\/\/parafiadobieszewo.pl\/wp-content\/uploads\/2019\/10\/Wypominki-Listopadowe-Parafia-Dobieszewo.pdf\">Wypominki-Listopadowe-Parafia-Dobieszewo<\/a><a href=\"https:\/\/parafiadobieszewo.pl\/wp-content\/uploads\/2019\/10\/Wypominki-Listopadowe-Parafia-Dobieszewo.pdf\" class=\"wp-block-file__button\" download>Pobierz<\/a><\/div>\n\n\n\n<p>Pami\u0119tajmy\nr\u00f3wnie\u017c, \u017ce w dniu Wszystkich \u015awi\u0119tych i Dzie\u0144 Zaduszny mo\u017cna zyska\u0107 odpust za\nzmar\u0142ych. Wierni, kt\u00f3rzy w tych dniach nawiedz\u0105 ko\u015bci\u00f3\u0142 lub kaplic\u0119 mog\u0105\ndost\u0105pi\u0107 odpustu zupe\u0142nego, kt\u00f3ry mo\u017ce by\u0107 ofiarowany tylko za zmar\u0142ych. Wg\nobowi\u0105zuj\u0105cych przepis\u00f3w mo\u017cna uzyska\u0107 ten odpust tylko jeden raz w ci\u0105gu dnia.\nW czasie nawiedzenia \u015bwi\u0105tyni nale\u017cy odm\u00f3wi\u0107 Ojcze nasz i Wierz\u0119 oraz trzeba\nwype\u0142ni\u0107 inne warunki, jak spowied\u017a sakramentalna, Komunia \u015bw. i modlitwa\nwed\u0142ug intencji Ojca \u015awi\u0119tego. R\u00f3wnie\u017c wierni, kt\u00f3rzy pobo\u017cnie nawiedz\u0105\ncmentarz i przynajmniej w my\u015bli pomodl\u0105 si\u0119 za zmar\u0142ych, zyskuj\u0105 odpust, kt\u00f3ry\nmo\u017ce by\u0107 ofiarowany za dusze w czy\u015b\u0107cu cierpi\u0105ce; odpust ten w dniach od 1 do 8\nlistopada jest zupe\u0142ny, w ci\u0105gu roku cz\u0105stkowy.<\/p>\n\n\n\n<p>\u015aw. Monika\numieraj\u0105c powiedzia\u0142a do swoich Syn\u00f3w: &#8222;To nie wa\u017cne, gdzie z\u0142o\u017cycie moje\ncia\u0142o. Zupe\u0142nie si\u0119 o to nie martwcie! Tylko o jedno was prosz\u0119, \u017ceby\u015bcie \u2013\ngdziekolwiek b\u0119dziecie \u2013 wspominali o mnie przed O\u0142tarzem Pa\u0144skim&#8221;.<\/p>\n","protected":false},"excerpt":{"rendered":"<p>Miesi\u0105c LISTOPAD jest miesi\u0105cem szczeg\u00f3lnej zadumy nad naszym \u017cyciem, przemijaniem i czekaj\u0105c\u0105 nas wieczno\u015bci\u0105. Jest r\u00f3wnie\u017c dla nas katolik\u00f3w miesi\u0105cem modlitwy w intencji wszystkich zmar\u0142ych. \u015awi\u0119ty Jan Pawe\u0142 II m\u00f3wi\u0142, \u017ce\u201d modlitwa za zmar\u0142ych jest wa\u017cn\u0105 powinno\u015bci\u0105, bowiem nawet je\u015bli odeszli w \u0142asce i przyja\u017ani z Bogiem, by\u0107 mo\u017ce potrzebuj\u0105 jeszcze ostatniego oczyszczenia, by dost\u0105pi\u0107 &hellip; <\/p>\n<p class=\"link-more\"><a href=\"https:\/\/parafiadobieszewo.pl\/index.php\/2019\/10\/21\/listopad-miesiac-zadumy\/\" class=\"more-link\">Czytaj dalej<span class=\"screen-reader-text\"> \u201eLISTOPAD &#8211; miesi\u0105c zadumy\u201d<\/span><\/a><\/p>\n","protected":false},"author":3,"featured_media":0,"comment_status":"closed","ping_status":"open","sticky":false,"template":"","format":"standard","meta":{"footnotes":""},"categories":[4],"tags":[],"class_list":["post-356","post","type-post","status-publish","format-standard","hentry","category-aktualnosci"],"_links":{"self":[{"href":"https:\/\/parafiadobieszewo.pl\/index.php\/wp-json\/wp\/v2\/posts\/356","targetHints":{"allow":["GET"]}}],"collection":[{"href":"https:\/\/parafiadobieszewo.pl\/index.php\/wp-json\/wp\/v2\/posts"}],"about":[{"href":"https:\/\/parafiadobieszewo.pl\/index.php\/wp-json\/wp\/v2\/types\/post"}],"author":[{"embeddable":true,"href":"https:\/\/parafiadobieszewo.pl\/index.php\/wp-json\/wp\/v2\/users\/3"}],"replies":[{"embeddable":true,"href":"https:\/\/parafiadobieszewo.pl\/index.php\/wp-json\/wp\/v2\/comments?post=356"}],"version-history":[{"count":4,"href":"https:\/\/parafiadobieszewo.pl\/index.php\/wp-json\/wp\/v2\/posts\/356\/revisions"}],"predecessor-version":[{"id":371,"href":"https:\/\/parafiadobieszewo.pl\/index.php\/wp-json\/wp\/v2\/posts\/356\/revisions\/371"}],"wp:attachment":[{"href":"https:\/\/parafiadobieszewo.pl\/index.php\/wp-json\/wp\/v2\/media?parent=356"}],"wp:term":[{"taxonomy":"category","embeddable":true,"href":"https:\/\/parafiadobieszewo.pl\/index.php\/wp-json\/wp\/v2\/categories?post=356"},{"taxonomy":"post_tag","embeddable":true,"href":"https:\/\/parafiadobieszewo.pl\/index.php\/wp-json\/wp\/v2\/tags?post=356"}],"curies":[{"name":"wp","href":"https:\/\/api.w.org\/{rel}","templated":true}]}}