{"id":444,"date":"2019-12-04T23:40:46","date_gmt":"2019-12-04T22:40:46","guid":{"rendered":"https:\/\/parafiadobieszewo.pl\/?p=444"},"modified":"2019-12-07T23:04:43","modified_gmt":"2019-12-07T22:04:43","slug":"adwent","status":"publish","type":"post","link":"https:\/\/parafiadobieszewo.pl\/index.php\/2019\/12\/04\/adwent\/","title":{"rendered":"ADWENT"},"content":{"rendered":"\n<p style=\"color:#613f80\" class=\"has-text-color\">W niedziel\u0119 1 grudnia rozpocz\u0105\u0142 si\u0119 Adwent, \u00a0kt\u00f3ry obejmuje cztery niedziele. Od pierwszej niedzieli Adwentu do 16 grudnia nasze spojrzenie jest skierowywane na powt\u00f3rne przyj\u015bcie Chrystusa i przygotowanie do spotkania z nim jako S\u0119dzi\u0105. Druga cz\u0119\u015b\u0107 Adwentu zaczyna si\u0119 od 17 grudnia i ko\u0144czy w Wigili\u0119 Narodzenia Pa\u0144skiego czyli jest czasem pobo\u017cnego i radosnego oczekiwania na Bo\u017ce Narodzenie.<\/p>\n\n\n\n<p style=\"color:#5b3d77\" class=\"has-text-color has-text-align-center\"><em>  <strong>Zapraszam<\/strong><\/em><strong><em>y wszystkich  parafian a szczeg\u00f3lnie dzieci z  lampionami do uczestnictwa w roratach  czyli Mszach \u015bw. ku czci Matki  Bo\u017cej, kt\u00f3re odbywaj\u0105 si\u0119 od poniedzia\u0142ku  do pi\u0105tku.<\/em>  <\/strong><\/p>\n\n\n\n<div class=\"wp-block-image\"><figure class=\"aligncenter is-resized\"><img loading=\"lazy\" decoding=\"async\" src=\"https:\/\/parafiadobieszewo.pl\/wp-content\/uploads\/2019\/12\/adwent-strona-896x1024.jpg\" alt=\"\" class=\"wp-image-445\" width=\"426\" height=\"487\" srcset=\"https:\/\/parafiadobieszewo.pl\/wp-content\/uploads\/2019\/12\/adwent-strona-896x1024.jpg 896w, https:\/\/parafiadobieszewo.pl\/wp-content\/uploads\/2019\/12\/adwent-strona-262x300.jpg 262w, https:\/\/parafiadobieszewo.pl\/wp-content\/uploads\/2019\/12\/adwent-strona-768x878.jpg 768w, https:\/\/parafiadobieszewo.pl\/wp-content\/uploads\/2019\/12\/adwent-strona-1344x1536.jpg 1344w, https:\/\/parafiadobieszewo.pl\/wp-content\/uploads\/2019\/12\/adwent-strona.jpg 1383w\" sizes=\"auto, (max-width: 426px) 100vw, 426px\" \/><figcaption> <\/figcaption><\/figure><\/div>\n\n\n\n<p style=\"color:#6c4690\" class=\"has-text-color\"><strong>&nbsp;W naszej parafii w tym roku &nbsp;prze\u017cywamy &nbsp;Adwent wsp\u00f3lnie ze \u015bw. Janem Paw\u0142em II, kt\u00f3ry m\u00f3wi\u0142 : <\/strong><em>\u201cAdwent jest synonimem nadziei: nie daremnym oczekiwaniem na jakiego\u015b bezosobowego boga, lecz konkretn\u0105 i niezawodn\u0105 ufno\u015bci\u0105 w powr\u00f3t Tego, kt\u00f3ry ju\u017c raz do nas przyszed\u0142, \u00abOblubie\u0144ca\u00bb, kt\u00f3ry swoj\u0105 krwi\u0105 przypiecz\u0119towa\u0142 zawarte z ludzko\u015bci\u0105 wieczne przymierze. Jest to nadzieja, kt\u00f3ra pobudza do czujno\u015bci, cnoty wyr\u00f3\u017cniaj\u0105cej ten szczeg\u00f3lny okres liturgiczny. Do czujno\u015bci w modlitwie, o\u017cywianej pe\u0142nym mi\u0142o\u015bci oczekiwaniem; czujno\u015bci wyra\u017caj\u0105cej si\u0119 w dynamice konkretnej mi\u0142o\u015bci, kt\u00f3rej towarzyszy. Z takimi uczuciami wsp\u00f3lnota chrze\u015bcija\u0144ska wchodzi w czas Adwentu, zachowuj\u0105c duchow\u0105 czujno\u015b\u0107, aby lepiej przyswoi\u0107 sobie przes\u0142anie s\u0142owa Bo\u017cego\u201d.<\/em><\/p>\n","protected":false},"excerpt":{"rendered":"<p>W niedziel\u0119 1 grudnia rozpocz\u0105\u0142 si\u0119 Adwent, \u00a0kt\u00f3ry obejmuje cztery niedziele. Od pierwszej niedzieli Adwentu do 16 grudnia nasze spojrzenie jest skierowywane na powt\u00f3rne przyj\u015bcie Chrystusa i przygotowanie do spotkania z nim jako S\u0119dzi\u0105. Druga cz\u0119\u015b\u0107 Adwentu zaczyna si\u0119 od 17 grudnia i ko\u0144czy w Wigili\u0119 Narodzenia Pa\u0144skiego czyli jest czasem pobo\u017cnego i radosnego oczekiwania &hellip; <\/p>\n<p class=\"link-more\"><a href=\"https:\/\/parafiadobieszewo.pl\/index.php\/2019\/12\/04\/adwent\/\" class=\"more-link\">Czytaj dalej<span class=\"screen-reader-text\"> \u201eADWENT\u201d<\/span><\/a><\/p>\n","protected":false},"author":3,"featured_media":0,"comment_status":"closed","ping_status":"open","sticky":false,"template":"","format":"standard","meta":{"footnotes":""},"categories":[4],"tags":[],"class_list":["post-444","post","type-post","status-publish","format-standard","hentry","category-aktualnosci"],"_links":{"self":[{"href":"https:\/\/parafiadobieszewo.pl\/index.php\/wp-json\/wp\/v2\/posts\/444","targetHints":{"allow":["GET"]}}],"collection":[{"href":"https:\/\/parafiadobieszewo.pl\/index.php\/wp-json\/wp\/v2\/posts"}],"about":[{"href":"https:\/\/parafiadobieszewo.pl\/index.php\/wp-json\/wp\/v2\/types\/post"}],"author":[{"embeddable":true,"href":"https:\/\/parafiadobieszewo.pl\/index.php\/wp-json\/wp\/v2\/users\/3"}],"replies":[{"embeddable":true,"href":"https:\/\/parafiadobieszewo.pl\/index.php\/wp-json\/wp\/v2\/comments?post=444"}],"version-history":[{"count":8,"href":"https:\/\/parafiadobieszewo.pl\/index.php\/wp-json\/wp\/v2\/posts\/444\/revisions"}],"predecessor-version":[{"id":472,"href":"https:\/\/parafiadobieszewo.pl\/index.php\/wp-json\/wp\/v2\/posts\/444\/revisions\/472"}],"wp:attachment":[{"href":"https:\/\/parafiadobieszewo.pl\/index.php\/wp-json\/wp\/v2\/media?parent=444"}],"wp:term":[{"taxonomy":"category","embeddable":true,"href":"https:\/\/parafiadobieszewo.pl\/index.php\/wp-json\/wp\/v2\/categories?post=444"},{"taxonomy":"post_tag","embeddable":true,"href":"https:\/\/parafiadobieszewo.pl\/index.php\/wp-json\/wp\/v2\/tags?post=444"}],"curies":[{"name":"wp","href":"https:\/\/api.w.org\/{rel}","templated":true}]}}