{"id":649,"date":"2020-03-14T23:23:35","date_gmt":"2020-03-14T22:23:35","guid":{"rendered":"https:\/\/parafiadobieszewo.pl\/?p=649"},"modified":"2020-03-14T23:27:55","modified_gmt":"2020-03-14T22:27:55","slug":"komunia-na-reke","status":"publish","type":"post","link":"https:\/\/parafiadobieszewo.pl\/index.php\/2020\/03\/14\/komunia-na-reke\/","title":{"rendered":"Komunia \u015bwi\u0119ta na r\u0119k\u0119 i lniana chusteczka co maj\u0105 wsp\u00f3lnego?"},"content":{"rendered":"\n<p><strong> W linku zamieszczonym poni\u017cej znajdziesz odpowied\u017a  oraz rozwi\u0105zanie jakie podaje Naj\u015bwi\u0119tsza Maryja Panna dla tych, kt\u00f3rzy s\u0105 przymuszani do przyjmowania Pana Jezusa do r\u0105k <\/strong><a href=\"https:\/\/wobroniewiaryitradycji.wordpress.com\/2020\/02\/25\/nmp-z-trevignano-romano-znam-wasze-trudnosci-zwiazane-z-eucharystia-na-reke-i-podaje-rozwiazanie\/?fbclid=IwAR0jt5m6LgZYsACzX9e9NS5euHU2Xxd7nbhJBsx-Sp_1GEagDfAtOmSLVc4\">https:\/\/wobroniewiaryitradycji.wordpress.com\/2020\/02\/25\/nmp-z-trevignano-romano-znam-wasze-trudnosci-zwiazane-z-eucharystia-na-reke-i-podaje-rozwiazanie\/?fbclid=IwAR0jt5m6LgZYsACzX9e9NS5euHU2Xxd7nbhJBsx-Sp_1GEagDfAtOmSLVc4<\/a><\/p>\n","protected":false},"excerpt":{"rendered":"<p>W linku zamieszczonym poni\u017cej znajdziesz odpowied\u017a oraz rozwi\u0105zanie jakie podaje Naj\u015bwi\u0119tsza Maryja Panna dla tych, kt\u00f3rzy s\u0105 przymuszani do przyjmowania Pana Jezusa do r\u0105k https:\/\/wobroniewiaryitradycji.wordpress.com\/2020\/02\/25\/nmp-z-trevignano-romano-znam-wasze-trudnosci-zwiazane-z-eucharystia-na-reke-i-podaje-rozwiazanie\/?fbclid=IwAR0jt5m6LgZYsACzX9e9NS5euHU2Xxd7nbhJBsx-Sp_1GEagDfAtOmSLVc4<\/p>\n","protected":false},"author":3,"featured_media":0,"comment_status":"closed","ping_status":"open","sticky":false,"template":"","format":"standard","meta":{"footnotes":""},"categories":[4],"tags":[],"class_list":["post-649","post","type-post","status-publish","format-standard","hentry","category-aktualnosci"],"_links":{"self":[{"href":"https:\/\/parafiadobieszewo.pl\/index.php\/wp-json\/wp\/v2\/posts\/649","targetHints":{"allow":["GET"]}}],"collection":[{"href":"https:\/\/parafiadobieszewo.pl\/index.php\/wp-json\/wp\/v2\/posts"}],"about":[{"href":"https:\/\/parafiadobieszewo.pl\/index.php\/wp-json\/wp\/v2\/types\/post"}],"author":[{"embeddable":true,"href":"https:\/\/parafiadobieszewo.pl\/index.php\/wp-json\/wp\/v2\/users\/3"}],"replies":[{"embeddable":true,"href":"https:\/\/parafiadobieszewo.pl\/index.php\/wp-json\/wp\/v2\/comments?post=649"}],"version-history":[{"count":3,"href":"https:\/\/parafiadobieszewo.pl\/index.php\/wp-json\/wp\/v2\/posts\/649\/revisions"}],"predecessor-version":[{"id":653,"href":"https:\/\/parafiadobieszewo.pl\/index.php\/wp-json\/wp\/v2\/posts\/649\/revisions\/653"}],"wp:attachment":[{"href":"https:\/\/parafiadobieszewo.pl\/index.php\/wp-json\/wp\/v2\/media?parent=649"}],"wp:term":[{"taxonomy":"category","embeddable":true,"href":"https:\/\/parafiadobieszewo.pl\/index.php\/wp-json\/wp\/v2\/categories?post=649"},{"taxonomy":"post_tag","embeddable":true,"href":"https:\/\/parafiadobieszewo.pl\/index.php\/wp-json\/wp\/v2\/tags?post=649"}],"curies":[{"name":"wp","href":"https:\/\/api.w.org\/{rel}","templated":true}]}}