{"id":656,"date":"2020-03-17T00:45:40","date_gmt":"2020-03-16T23:45:40","guid":{"rendered":"https:\/\/parafiadobieszewo.pl\/?p=656"},"modified":"2020-03-17T00:45:40","modified_gmt":"2020-03-16T23:45:40","slug":"zmiana-kancelaria-parafialna-nieczynna","status":"publish","type":"post","link":"https:\/\/parafiadobieszewo.pl\/index.php\/2020\/03\/17\/zmiana-kancelaria-parafialna-nieczynna\/","title":{"rendered":"Zmiana &#8211; kancelaria parafialna nieczynna"},"content":{"rendered":"\n<p style=\"font-size:23px\" class=\"has-text-color has-vivid-red-color\"><strong>W zwi\u0105zku z sytuacj\u0105 w jakiej znajdujemy si\u0119 ostatnio kancelaria parafialna nieczynna do odwo\u0142ania. W sprawach pilnych prosz\u0119 o kontakt telefoniczny pod nr   791 404 096 .<\/strong><\/p>\n","protected":false},"excerpt":{"rendered":"<p>W zwi\u0105zku z sytuacj\u0105 w jakiej znajdujemy si\u0119 ostatnio kancelaria parafialna nieczynna do odwo\u0142ania. W sprawach pilnych prosz\u0119 o kontakt telefoniczny pod nr 791 404 096 .<\/p>\n","protected":false},"author":3,"featured_media":0,"comment_status":"closed","ping_status":"open","sticky":false,"template":"","format":"standard","meta":{"footnotes":""},"categories":[4],"tags":[],"class_list":["post-656","post","type-post","status-publish","format-standard","hentry","category-aktualnosci"],"_links":{"self":[{"href":"https:\/\/parafiadobieszewo.pl\/index.php\/wp-json\/wp\/v2\/posts\/656","targetHints":{"allow":["GET"]}}],"collection":[{"href":"https:\/\/parafiadobieszewo.pl\/index.php\/wp-json\/wp\/v2\/posts"}],"about":[{"href":"https:\/\/parafiadobieszewo.pl\/index.php\/wp-json\/wp\/v2\/types\/post"}],"author":[{"embeddable":true,"href":"https:\/\/parafiadobieszewo.pl\/index.php\/wp-json\/wp\/v2\/users\/3"}],"replies":[{"embeddable":true,"href":"https:\/\/parafiadobieszewo.pl\/index.php\/wp-json\/wp\/v2\/comments?post=656"}],"version-history":[{"count":6,"href":"https:\/\/parafiadobieszewo.pl\/index.php\/wp-json\/wp\/v2\/posts\/656\/revisions"}],"predecessor-version":[{"id":662,"href":"https:\/\/parafiadobieszewo.pl\/index.php\/wp-json\/wp\/v2\/posts\/656\/revisions\/662"}],"wp:attachment":[{"href":"https:\/\/parafiadobieszewo.pl\/index.php\/wp-json\/wp\/v2\/media?parent=656"}],"wp:term":[{"taxonomy":"category","embeddable":true,"href":"https:\/\/parafiadobieszewo.pl\/index.php\/wp-json\/wp\/v2\/categories?post=656"},{"taxonomy":"post_tag","embeddable":true,"href":"https:\/\/parafiadobieszewo.pl\/index.php\/wp-json\/wp\/v2\/tags?post=656"}],"curies":[{"name":"wp","href":"https:\/\/api.w.org\/{rel}","templated":true}]}}