{"id":701,"date":"2020-03-26T20:20:27","date_gmt":"2020-03-26T19:20:27","guid":{"rendered":"https:\/\/parafiadobieszewo.pl\/?p=701"},"modified":"2020-03-26T20:28:09","modified_gmt":"2020-03-26T19:28:09","slug":"droga-krzyzowa","status":"publish","type":"post","link":"https:\/\/parafiadobieszewo.pl\/index.php\/2020\/03\/26\/droga-krzyzowa\/","title":{"rendered":"Droga Krzy\u017cowa"},"content":{"rendered":"\n<div class=\"wp-block-image\"><figure class=\"alignleft size-large is-resized\"><img loading=\"lazy\" decoding=\"async\" src=\"https:\/\/parafiadobieszewo.pl\/wp-content\/uploads\/2020\/03\/Droga-Krzy\u017cowa.jpg\" alt=\"\" class=\"wp-image-702\" width=\"139\" height=\"209\"\/><\/figure><\/div>\n\n\n\n<p class=\"has-medium-font-size\"> W zwi\u0105zku ze spowiedzi\u0105 i komunia \u015bw. w pi\u0105tek (3 kwietnia) w ko\u015bciele w  Dobieszewie i w Warblewie nabo\u017ce\u0144stwa Drogi Krzy\u017cowej nie odb\u0119d\u0105 si\u0119.  Prosz\u0119 o odprawienie we w\u0142asnym zakresie w domu. <\/p>\n","protected":false},"excerpt":{"rendered":"<p>W zwi\u0105zku ze spowiedzi\u0105 i komunia \u015bw. w pi\u0105tek (3 kwietnia) w ko\u015bciele w Dobieszewie i w Warblewie nabo\u017ce\u0144stwa Drogi Krzy\u017cowej nie odb\u0119d\u0105 si\u0119. Prosz\u0119 o odprawienie we w\u0142asnym zakresie w domu.<\/p>\n","protected":false},"author":3,"featured_media":0,"comment_status":"closed","ping_status":"open","sticky":false,"template":"","format":"standard","meta":{"footnotes":""},"categories":[4],"tags":[],"class_list":["post-701","post","type-post","status-publish","format-standard","hentry","category-aktualnosci"],"_links":{"self":[{"href":"https:\/\/parafiadobieszewo.pl\/index.php\/wp-json\/wp\/v2\/posts\/701","targetHints":{"allow":["GET"]}}],"collection":[{"href":"https:\/\/parafiadobieszewo.pl\/index.php\/wp-json\/wp\/v2\/posts"}],"about":[{"href":"https:\/\/parafiadobieszewo.pl\/index.php\/wp-json\/wp\/v2\/types\/post"}],"author":[{"embeddable":true,"href":"https:\/\/parafiadobieszewo.pl\/index.php\/wp-json\/wp\/v2\/users\/3"}],"replies":[{"embeddable":true,"href":"https:\/\/parafiadobieszewo.pl\/index.php\/wp-json\/wp\/v2\/comments?post=701"}],"version-history":[{"count":2,"href":"https:\/\/parafiadobieszewo.pl\/index.php\/wp-json\/wp\/v2\/posts\/701\/revisions"}],"predecessor-version":[{"id":704,"href":"https:\/\/parafiadobieszewo.pl\/index.php\/wp-json\/wp\/v2\/posts\/701\/revisions\/704"}],"wp:attachment":[{"href":"https:\/\/parafiadobieszewo.pl\/index.php\/wp-json\/wp\/v2\/media?parent=701"}],"wp:term":[{"taxonomy":"category","embeddable":true,"href":"https:\/\/parafiadobieszewo.pl\/index.php\/wp-json\/wp\/v2\/categories?post=701"},{"taxonomy":"post_tag","embeddable":true,"href":"https:\/\/parafiadobieszewo.pl\/index.php\/wp-json\/wp\/v2\/tags?post=701"}],"curies":[{"name":"wp","href":"https:\/\/api.w.org\/{rel}","templated":true}]}}