{"id":829,"date":"2020-05-07T00:13:12","date_gmt":"2020-05-06T22:13:12","guid":{"rendered":"https:\/\/parafiadobieszewo.pl\/?p=829"},"modified":"2020-05-07T00:13:12","modified_gmt":"2020-05-06T22:13:12","slug":"cegielki-na-kosciol-od-8-maja","status":"publish","type":"post","link":"https:\/\/parafiadobieszewo.pl\/index.php\/2020\/05\/07\/cegielki-na-kosciol-od-8-maja\/","title":{"rendered":"CEGIE\u0141KI NA KO\u015aCI\u00d3\u0141 od 8 maja"},"content":{"rendered":"\n<figure class=\"wp-block-image size-large\"><img loading=\"lazy\" decoding=\"async\" width=\"724\" height=\"1024\" src=\"https:\/\/parafiadobieszewo.pl\/wp-content\/uploads\/2020\/05\/Og\u0142oszenia-\u015bwieca-04.2020-2-pdf-724x1024.jpg\" alt=\"\" class=\"wp-image-833\"\/><\/figure>\n","protected":false},"excerpt":{"rendered":"","protected":false},"author":3,"featured_media":0,"comment_status":"closed","ping_status":"open","sticky":false,"template":"","format":"standard","meta":{"footnotes":""},"categories":[4],"tags":[],"class_list":["post-829","post","type-post","status-publish","format-standard","hentry","category-aktualnosci"],"_links":{"self":[{"href":"https:\/\/parafiadobieszewo.pl\/index.php\/wp-json\/wp\/v2\/posts\/829","targetHints":{"allow":["GET"]}}],"collection":[{"href":"https:\/\/parafiadobieszewo.pl\/index.php\/wp-json\/wp\/v2\/posts"}],"about":[{"href":"https:\/\/parafiadobieszewo.pl\/index.php\/wp-json\/wp\/v2\/types\/post"}],"author":[{"embeddable":true,"href":"https:\/\/parafiadobieszewo.pl\/index.php\/wp-json\/wp\/v2\/users\/3"}],"replies":[{"embeddable":true,"href":"https:\/\/parafiadobieszewo.pl\/index.php\/wp-json\/wp\/v2\/comments?post=829"}],"version-history":[{"count":2,"href":"https:\/\/parafiadobieszewo.pl\/index.php\/wp-json\/wp\/v2\/posts\/829\/revisions"}],"predecessor-version":[{"id":834,"href":"https:\/\/parafiadobieszewo.pl\/index.php\/wp-json\/wp\/v2\/posts\/829\/revisions\/834"}],"wp:attachment":[{"href":"https:\/\/parafiadobieszewo.pl\/index.php\/wp-json\/wp\/v2\/media?parent=829"}],"wp:term":[{"taxonomy":"category","embeddable":true,"href":"https:\/\/parafiadobieszewo.pl\/index.php\/wp-json\/wp\/v2\/categories?post=829"},{"taxonomy":"post_tag","embeddable":true,"href":"https:\/\/parafiadobieszewo.pl\/index.php\/wp-json\/wp\/v2\/tags?post=829"}],"curies":[{"name":"wp","href":"https:\/\/api.w.org\/{rel}","templated":true}]}}