{"id":897,"date":"2020-06-15T21:58:59","date_gmt":"2020-06-15T19:58:59","guid":{"rendered":"https:\/\/parafiadobieszewo.pl\/?p=897"},"modified":"2020-06-27T22:59:47","modified_gmt":"2020-06-27T20:59:47","slug":"swiecenie-wiankow","status":"publish","type":"post","link":"https:\/\/parafiadobieszewo.pl\/index.php\/2020\/06\/15\/swiecenie-wiankow\/","title":{"rendered":"\u015aWI\u0118CENIE WIANK\u00d3W"},"content":{"rendered":"\n<p class=\"has-background has-very-light-gray-background-color\">W czwartek 18 czerwca  na zako\u0144czenie oktawy Bo\u017cego Cia\u0142a podczas Mszy \u015bw. o godz.: 18:00 zostan\u0105 po\u015bwi\u0119cone wianki z zi\u00f3\u0142 przyniesione przez parafian. Nast\u0119pnie w \u0142\u0105czno\u015bci z Msz\u0105 \u015bw. odb\u0119dzie si\u0119  Nabo\u017ce\u0144stwo Czerwcowe i procesja wok\u00f3\u0142 ko\u015bcio\u0142a &#8211; zapraszamy.<\/p>\n","protected":false},"excerpt":{"rendered":"<p>W czwartek 18 czerwca na zako\u0144czenie oktawy Bo\u017cego Cia\u0142a podczas Mszy \u015bw. o godz.: 18:00 zostan\u0105 po\u015bwi\u0119cone wianki z zi\u00f3\u0142 przyniesione przez parafian. Nast\u0119pnie w \u0142\u0105czno\u015bci z Msz\u0105 \u015bw. odb\u0119dzie si\u0119 Nabo\u017ce\u0144stwo Czerwcowe i procesja wok\u00f3\u0142 ko\u015bcio\u0142a &#8211; zapraszamy.<\/p>\n","protected":false},"author":3,"featured_media":0,"comment_status":"closed","ping_status":"open","sticky":false,"template":"","format":"standard","meta":{"footnotes":""},"categories":[4],"tags":[],"class_list":["post-897","post","type-post","status-publish","format-standard","hentry","category-aktualnosci"],"_links":{"self":[{"href":"https:\/\/parafiadobieszewo.pl\/index.php\/wp-json\/wp\/v2\/posts\/897","targetHints":{"allow":["GET"]}}],"collection":[{"href":"https:\/\/parafiadobieszewo.pl\/index.php\/wp-json\/wp\/v2\/posts"}],"about":[{"href":"https:\/\/parafiadobieszewo.pl\/index.php\/wp-json\/wp\/v2\/types\/post"}],"author":[{"embeddable":true,"href":"https:\/\/parafiadobieszewo.pl\/index.php\/wp-json\/wp\/v2\/users\/3"}],"replies":[{"embeddable":true,"href":"https:\/\/parafiadobieszewo.pl\/index.php\/wp-json\/wp\/v2\/comments?post=897"}],"version-history":[{"count":2,"href":"https:\/\/parafiadobieszewo.pl\/index.php\/wp-json\/wp\/v2\/posts\/897\/revisions"}],"predecessor-version":[{"id":909,"href":"https:\/\/parafiadobieszewo.pl\/index.php\/wp-json\/wp\/v2\/posts\/897\/revisions\/909"}],"wp:attachment":[{"href":"https:\/\/parafiadobieszewo.pl\/index.php\/wp-json\/wp\/v2\/media?parent=897"}],"wp:term":[{"taxonomy":"category","embeddable":true,"href":"https:\/\/parafiadobieszewo.pl\/index.php\/wp-json\/wp\/v2\/categories?post=897"},{"taxonomy":"post_tag","embeddable":true,"href":"https:\/\/parafiadobieszewo.pl\/index.php\/wp-json\/wp\/v2\/tags?post=897"}],"curies":[{"name":"wp","href":"https:\/\/api.w.org\/{rel}","templated":true}]}}