{"id":907,"date":"2020-06-27T22:59:18","date_gmt":"2020-06-27T20:59:18","guid":{"rendered":"https:\/\/parafiadobieszewo.pl\/?p=907"},"modified":"2020-07-11T21:42:35","modified_gmt":"2020-07-11T19:42:35","slug":"uwaga-zmiana-godzin-mszy-sw","status":"publish","type":"post","link":"https:\/\/parafiadobieszewo.pl\/index.php\/2020\/06\/27\/uwaga-zmiana-godzin-mszy-sw\/","title":{"rendered":"Adoracja w intencji powo\u0142a\u0144"},"content":{"rendered":"\n<p style=\"font-size:22px\" class=\"has-background has-pale-cyan-blue-background-color\"><strong><strong>We wtorek 14 lipca po Mszy \u015bw. o godz.: 20:00 w naszej parafii odb\u0119dzie si\u0119 diecezjalna Adoracja w intencji powo\u0142a\u0144 gor\u0105co zach\u0119cam wszystkich parafian do uczestnictwa.<\/strong><\/strong><\/p>\n\n\n\n<p class=\"has-text-color has-medium-font-size has-vivid-red-color\">Bie\u017c\u0105ce zmiany godzin odprawianych Mszy \u015bw. s\u0105 dost\u0119pne w zak\u0142adce &#8222;Intencje&#8221;<\/p>\n","protected":false},"excerpt":{"rendered":"<p>We wtorek 14 lipca po Mszy \u015bw. o godz.: 20:00 w naszej parafii odb\u0119dzie si\u0119 diecezjalna Adoracja w intencji powo\u0142a\u0144 gor\u0105co zach\u0119cam wszystkich parafian do uczestnictwa. Bie\u017c\u0105ce zmiany godzin odprawianych Mszy \u015bw. s\u0105 dost\u0119pne w zak\u0142adce &#8222;Intencje&#8221;<\/p>\n","protected":false},"author":3,"featured_media":0,"comment_status":"closed","ping_status":"open","sticky":false,"template":"","format":"standard","meta":{"footnotes":""},"categories":[4],"tags":[],"class_list":["post-907","post","type-post","status-publish","format-standard","hentry","category-aktualnosci"],"_links":{"self":[{"href":"https:\/\/parafiadobieszewo.pl\/index.php\/wp-json\/wp\/v2\/posts\/907","targetHints":{"allow":["GET"]}}],"collection":[{"href":"https:\/\/parafiadobieszewo.pl\/index.php\/wp-json\/wp\/v2\/posts"}],"about":[{"href":"https:\/\/parafiadobieszewo.pl\/index.php\/wp-json\/wp\/v2\/types\/post"}],"author":[{"embeddable":true,"href":"https:\/\/parafiadobieszewo.pl\/index.php\/wp-json\/wp\/v2\/users\/3"}],"replies":[{"embeddable":true,"href":"https:\/\/parafiadobieszewo.pl\/index.php\/wp-json\/wp\/v2\/comments?post=907"}],"version-history":[{"count":8,"href":"https:\/\/parafiadobieszewo.pl\/index.php\/wp-json\/wp\/v2\/posts\/907\/revisions"}],"predecessor-version":[{"id":926,"href":"https:\/\/parafiadobieszewo.pl\/index.php\/wp-json\/wp\/v2\/posts\/907\/revisions\/926"}],"wp:attachment":[{"href":"https:\/\/parafiadobieszewo.pl\/index.php\/wp-json\/wp\/v2\/media?parent=907"}],"wp:term":[{"taxonomy":"category","embeddable":true,"href":"https:\/\/parafiadobieszewo.pl\/index.php\/wp-json\/wp\/v2\/categories?post=907"},{"taxonomy":"post_tag","embeddable":true,"href":"https:\/\/parafiadobieszewo.pl\/index.php\/wp-json\/wp\/v2\/tags?post=907"}],"curies":[{"name":"wp","href":"https:\/\/api.w.org\/{rel}","templated":true}]}}