{"id":959,"date":"2020-08-14T09:15:39","date_gmt":"2020-08-14T07:15:39","guid":{"rendered":"https:\/\/parafiadobieszewo.pl\/?p=959"},"modified":"2020-08-14T09:15:39","modified_gmt":"2020-08-14T07:15:39","slug":"przezywajcie-msze-swiete-sercem","status":"publish","type":"post","link":"https:\/\/parafiadobieszewo.pl\/index.php\/2020\/08\/14\/przezywajcie-msze-swiete-sercem\/","title":{"rendered":"PRZE\u017bYWAJCIE MSZE \u015aWI\u0118TE SERCEM"},"content":{"rendered":"\n<figure class=\"wp-block-image size-large\"><img loading=\"lazy\" decoding=\"async\" width=\"841\" height=\"1024\" src=\"https:\/\/parafiadobieszewo.pl\/wp-content\/uploads\/2020\/08\/O\u0141TARZ-NA-STR-841x1024.jpg\" alt=\"\" class=\"wp-image-960\" srcset=\"https:\/\/parafiadobieszewo.pl\/wp-content\/uploads\/2020\/08\/O\u0141TARZ-NA-STR-841x1024.jpg 841w, https:\/\/parafiadobieszewo.pl\/wp-content\/uploads\/2020\/08\/O\u0141TARZ-NA-STR-246x300.jpg 246w, https:\/\/parafiadobieszewo.pl\/wp-content\/uploads\/2020\/08\/O\u0141TARZ-NA-STR-768x935.jpg 768w, https:\/\/parafiadobieszewo.pl\/wp-content\/uploads\/2020\/08\/O\u0141TARZ-NA-STR-1261x1536.jpg 1261w, https:\/\/parafiadobieszewo.pl\/wp-content\/uploads\/2020\/08\/O\u0141TARZ-NA-STR-1682x2048.jpg 1682w\" sizes=\"auto, (max-width: 767px) 89vw, (max-width: 1000px) 54vw, (max-width: 1071px) 543px, 580px\" \/><\/figure>\n","protected":false},"excerpt":{"rendered":"","protected":false},"author":3,"featured_media":0,"comment_status":"closed","ping_status":"open","sticky":false,"template":"","format":"standard","meta":{"footnotes":""},"categories":[4],"tags":[],"class_list":["post-959","post","type-post","status-publish","format-standard","hentry","category-aktualnosci"],"_links":{"self":[{"href":"https:\/\/parafiadobieszewo.pl\/index.php\/wp-json\/wp\/v2\/posts\/959","targetHints":{"allow":["GET"]}}],"collection":[{"href":"https:\/\/parafiadobieszewo.pl\/index.php\/wp-json\/wp\/v2\/posts"}],"about":[{"href":"https:\/\/parafiadobieszewo.pl\/index.php\/wp-json\/wp\/v2\/types\/post"}],"author":[{"embeddable":true,"href":"https:\/\/parafiadobieszewo.pl\/index.php\/wp-json\/wp\/v2\/users\/3"}],"replies":[{"embeddable":true,"href":"https:\/\/parafiadobieszewo.pl\/index.php\/wp-json\/wp\/v2\/comments?post=959"}],"version-history":[{"count":1,"href":"https:\/\/parafiadobieszewo.pl\/index.php\/wp-json\/wp\/v2\/posts\/959\/revisions"}],"predecessor-version":[{"id":961,"href":"https:\/\/parafiadobieszewo.pl\/index.php\/wp-json\/wp\/v2\/posts\/959\/revisions\/961"}],"wp:attachment":[{"href":"https:\/\/parafiadobieszewo.pl\/index.php\/wp-json\/wp\/v2\/media?parent=959"}],"wp:term":[{"taxonomy":"category","embeddable":true,"href":"https:\/\/parafiadobieszewo.pl\/index.php\/wp-json\/wp\/v2\/categories?post=959"},{"taxonomy":"post_tag","embeddable":true,"href":"https:\/\/parafiadobieszewo.pl\/index.php\/wp-json\/wp\/v2\/tags?post=959"}],"curies":[{"name":"wp","href":"https:\/\/api.w.org\/{rel}","templated":true}]}}